{"id":990,"date":"2016-04-20T12:57:35","date_gmt":"2016-04-20T10:57:35","guid":{"rendered":"https:\/\/www.historiayarqueologia.net\/?p=990"},"modified":"2016-04-20T12:57:35","modified_gmt":"2016-04-20T10:57:35","slug":"el-oro-de-la-necropolis-de-el-cano","status":"publish","type":"post","link":"https:\/\/www.historiayarqueologia.net\/?p=990","title":{"rendered":"El oro de \u00abLa necr\u00f3polis de El Ca\u00f1o\u00bb"},"content":{"rendered":"<p><em>El oro de \u00abLa necr\u00f3polis de El Ca\u00f1o\u00bb<\/em>. Bajo el sol radiante en las llanuras de la provincia de Cocl\u00e9, la arque\u00f3loga Julia Mayo y su equipo de investigadores reabrir\u00e1n hoy las excavaciones del Parque Arqueol\u00f3gico El Ca\u00f1o.<\/p>\n<p><img fetchpriority=\"high\" decoding=\"async\" class=\"aligncenter wp-image-997 size-full\" title=\"El oro de &quot;La necr\u00f3polis de El Ca\u00f1o&quot;\" src=\"https:\/\/www.historiayarqueologia.net\/wp-content\/uploads\/oro-necropolis-de-el-cano.jpg\" alt=\"El oro de &quot;La necr\u00f3polis de El Ca\u00f1o&quot;\" width=\"815\" height=\"330\" srcset=\"https:\/\/www.historiayarqueologia.net\/wp-content\/uploads\/oro-necropolis-de-el-cano.jpg 815w, https:\/\/www.historiayarqueologia.net\/wp-content\/uploads\/oro-necropolis-de-el-cano-300x121.jpg 300w, https:\/\/www.historiayarqueologia.net\/wp-content\/uploads\/oro-necropolis-de-el-cano-768x311.jpg 768w\" sizes=\"(max-width: 815px) 100vw, 815px\" \/><\/p>\n<p>Toca limpiar y habilitar el sitio nuevamente para continuar con los estudios que se iniciaron en 2005, y que cuatro a\u00f1os m\u00e1s tarde dieron como resultado el hallazgo de piezas importantes de orfebrer\u00eda y cer\u00e1mica, denominadas por muchos como \u201cEl Dorado de Panam\u00e1\u201d.<\/p>\n<p>Ubicado aproximadamente a 180 kil\u00f3metros de la ciudad de Panam\u00e1, El Ca\u00f1o cuenta con un <strong><a href=\"https:\/\/www.historiayarqueologia.net\/la-necropolis-de-el-cano\/\">complejo funerario<\/a><\/strong> de seis tumbas, que fueron excavadas por un grupo de investigadores liderados por Mayo.<\/p>\n<figure id=\"attachment_998\" aria-describedby=\"caption-attachment-998\" style=\"width: 300px\" class=\"wp-caption alignright\"><img decoding=\"async\" class=\"wp-image-998 size-medium\" src=\"https:\/\/www.historiayarqueologia.net\/wp-content\/uploads\/Julia-Mayo-Clocle-300x189.jpg\" alt=\"Julia-Mayo-Clocle\" width=\"300\" height=\"189\" srcset=\"https:\/\/www.historiayarqueologia.net\/wp-content\/uploads\/Julia-Mayo-Clocle-300x189.jpg 300w, https:\/\/www.historiayarqueologia.net\/wp-content\/uploads\/Julia-Mayo-Clocle.jpg 667w\" sizes=\"(max-width: 300px) 100vw, 300px\" \/><figcaption id=\"caption-attachment-998\" class=\"wp-caption-text\">Julia Mayo, arque\u00f3loga y presidenta de la Fundaci\u00f3n El Ca\u00f1o. Autora de Guerreros de oro. Los se\u00f1ores de R\u00edo Grande en Panam\u00e1. Asegura que la necr\u00f3polis de El Ca\u00f1o fue construida alrededor del a\u00f1o 450 d.C. y abandonada en el 1000 d.C.<\/figcaption><\/figure>\n<p>Fueron cerca de 150 piezas las que se encontraron, entre ellas prendas de oro, adornos y utensilios de todo tipo, cuyo valor hist\u00f3rico mereci\u00f3 la portada de la revista National Geographic en enero de 2012.<\/p>\n<p>M\u00e1s all\u00e1 de la investigaci\u00f3n cient\u00edfica, esta nueva apertura marca consigo el inicio de nuevos objetivos que Mayo a trav\u00e9s de la Fundaci\u00f3n El Ca\u00f1o \u2013entidad creada en 2009 para preservar el patrimonio hist\u00f3rico de estas piezas\u2013 se ha propuesto para promover el valor acad\u00e9mico y social del yacimiento.<\/p>\n<p>Uno de los m\u00e1s relevantes es que a partir de marzo pr\u00f3ximo, las excavaciones estar\u00e1n abiertas al p\u00fablico, en especial a grupos escolares interesados en ampliar su curr\u00edculo de historia precolombina de Panam\u00e1.<\/p>\n<p>Esta iniciativa forma parte de los programas de trabajo que la <a href=\"https:\/\/www.fundacionelcano.org\/\" target=\"_blank\" rel=\"nofollow noopener\">Fundaci\u00f3n El Ca\u00f1o<\/a> busca fomentar para destacar al sitio arqueol\u00f3gico como \u201cfuente de informaci\u00f3n y de conocimiento de la cultura de Cocl\u00e9\u201d, explica Mayo.<\/p>\n<h2>El oro de \u00abLa necr\u00f3polis de El Ca\u00f1o\u00bb<\/h2>\n<p><img decoding=\"async\" class=\"aligncenter wp-image-993 size-full\" title=\"El oro de &quot;La necr\u00f3polis de El Ca\u00f1o&quot;\" src=\"https:\/\/www.historiayarqueologia.net\/wp-content\/uploads\/oro-necropolis-de-el-cano1.jpg\" alt=\"El oro de &quot;La necr\u00f3polis de El Ca\u00f1o&quot;\" width=\"667\" height=\"375\" srcset=\"https:\/\/www.historiayarqueologia.net\/wp-content\/uploads\/oro-necropolis-de-el-cano1.jpg 667w, https:\/\/www.historiayarqueologia.net\/wp-content\/uploads\/oro-necropolis-de-el-cano1-300x169.jpg 300w\" sizes=\"(max-width: 667px) 100vw, 667px\" \/><\/p>\n<p><img loading=\"lazy\" decoding=\"async\" class=\"aligncenter wp-image-994 size-full\" title=\"El oro de &quot;La necr\u00f3polis de El Ca\u00f1o&quot;\" src=\"https:\/\/www.historiayarqueologia.net\/wp-content\/uploads\/oro-necropolis-de-el-cano2.jpg\" alt=\"El oro de &quot;La necr\u00f3polis de El Ca\u00f1o&quot;\" width=\"667\" height=\"375\" srcset=\"https:\/\/www.historiayarqueologia.net\/wp-content\/uploads\/oro-necropolis-de-el-cano2.jpg 667w, https:\/\/www.historiayarqueologia.net\/wp-content\/uploads\/oro-necropolis-de-el-cano2-300x169.jpg 300w\" sizes=\"(max-width: 667px) 100vw, 667px\" \/><\/p>\n<p><img loading=\"lazy\" decoding=\"async\" class=\"aligncenter wp-image-995 size-full\" title=\"El oro de &quot;La necr\u00f3polis de El Ca\u00f1o&quot;\" src=\"https:\/\/www.historiayarqueologia.net\/wp-content\/uploads\/oro-necropolis-de-el-cano3.jpg\" alt=\"El oro de &quot;La necr\u00f3polis de El Ca\u00f1o&quot;\" width=\"667\" height=\"375\" srcset=\"https:\/\/www.historiayarqueologia.net\/wp-content\/uploads\/oro-necropolis-de-el-cano3.jpg 667w, https:\/\/www.historiayarqueologia.net\/wp-content\/uploads\/oro-necropolis-de-el-cano3-300x169.jpg 300w\" sizes=\"(max-width: 667px) 100vw, 667px\" \/><\/p>\n<p><img loading=\"lazy\" decoding=\"async\" class=\"aligncenter wp-image-996 size-full\" title=\"El oro de &quot;La necr\u00f3polis de El Ca\u00f1o&quot;\" src=\"https:\/\/www.historiayarqueologia.net\/wp-content\/uploads\/oro-necropolis-de-el-cano4.jpg\" alt=\"El oro de &quot;La necr\u00f3polis de El Ca\u00f1o&quot;\" width=\"667\" height=\"375\" srcset=\"https:\/\/www.historiayarqueologia.net\/wp-content\/uploads\/oro-necropolis-de-el-cano4.jpg 667w, https:\/\/www.historiayarqueologia.net\/wp-content\/uploads\/oro-necropolis-de-el-cano4-300x169.jpg 300w\" sizes=\"(max-width: 667px) 100vw, 667px\" \/><\/p>\n<p>&nbsp;<\/p>\n","protected":false},"excerpt":{"rendered":"<p>El oro de \u00abLa necr\u00f3polis de El Ca\u00f1o\u00bb. Bajo el sol radiante en las llanuras de la provincia de Cocl\u00e9, la arque\u00f3loga Julia Mayo y su equipo de investigadores reabrir\u00e1n hoy las excavaciones del Parque Arqueol\u00f3gico El Ca\u00f1o. Toca limpiar y habilitar el sitio nuevamente para continuar con los estudios que se iniciaron en 2005, [&hellip;]<\/p>\n","protected":false},"author":1,"featured_media":997,"comment_status":"open","ping_status":"closed","sticky":false,"template":"","format":"standard","meta":{"_jetpack_memberships_contains_paid_content":false,"footnotes":"","jetpack_publicize_message":"El oro de \"La necr\u00f3polis de El Ca\u00f1o\"","jetpack_publicize_feature_enabled":true,"jetpack_social_post_already_shared":true,"jetpack_social_options":{"image_generator_settings":{"template":"highway","default_image_id":0,"font":"","enabled":false},"version":2}},"categories":[7],"tags":[],"class_list":["post-990","post","type-post","status-publish","format-standard","has-post-thumbnail","hentry","category-noticias-arqueologia"],"jetpack_publicize_connections":[],"jetpack_featured_media_url":"https:\/\/www.historiayarqueologia.net\/wp-content\/uploads\/oro-necropolis-de-el-cano.jpg","jetpack_sharing_enabled":true,"_links":{"self":[{"href":"https:\/\/www.historiayarqueologia.net\/index.php?rest_route=\/wp\/v2\/posts\/990","targetHints":{"allow":["GET"]}}],"collection":[{"href":"https:\/\/www.historiayarqueologia.net\/index.php?rest_route=\/wp\/v2\/posts"}],"about":[{"href":"https:\/\/www.historiayarqueologia.net\/index.php?rest_route=\/wp\/v2\/types\/post"}],"author":[{"embeddable":true,"href":"https:\/\/www.historiayarqueologia.net\/index.php?rest_route=\/wp\/v2\/users\/1"}],"replies":[{"embeddable":true,"href":"https:\/\/www.historiayarqueologia.net\/index.php?rest_route=%2Fwp%2Fv2%2Fcomments&post=990"}],"version-history":[{"count":2,"href":"https:\/\/www.historiayarqueologia.net\/index.php?rest_route=\/wp\/v2\/posts\/990\/revisions"}],"predecessor-version":[{"id":999,"href":"https:\/\/www.historiayarqueologia.net\/index.php?rest_route=\/wp\/v2\/posts\/990\/revisions\/999"}],"wp:featuredmedia":[{"embeddable":true,"href":"https:\/\/www.historiayarqueologia.net\/index.php?rest_route=\/wp\/v2\/media\/997"}],"wp:attachment":[{"href":"https:\/\/www.historiayarqueologia.net\/index.php?rest_route=%2Fwp%2Fv2%2Fmedia&parent=990"}],"wp:term":[{"taxonomy":"category","embeddable":true,"href":"https:\/\/www.historiayarqueologia.net\/index.php?rest_route=%2Fwp%2Fv2%2Fcategories&post=990"},{"taxonomy":"post_tag","embeddable":true,"href":"https:\/\/www.historiayarqueologia.net\/index.php?rest_route=%2Fwp%2Fv2%2Ftags&post=990"}],"curies":[{"name":"wp","href":"https:\/\/api.w.org\/{rel}","templated":true}]}}