{"id":880,"date":"2016-04-15T09:57:06","date_gmt":"2016-04-15T07:57:06","guid":{"rendered":"https:\/\/www.historiayarqueologia.net\/?p=880"},"modified":"2016-04-15T09:57:06","modified_gmt":"2016-04-15T07:57:06","slug":"arqueologos-polacos-en-medina-elvira","status":"publish","type":"post","link":"https:\/\/www.historiayarqueologia.net\/?p=880","title":{"rendered":"Un equipo de arque\u00f3logos polacos excava en Medina Elvira"},"content":{"rendered":"<p><img fetchpriority=\"high\" decoding=\"async\" class=\"aligncenter size-full wp-image-881\" src=\"https:\/\/www.historiayarqueologia.net\/wp-content\/uploads\/medina-elvira.jpg\" alt=\"Medina Elvira\" width=\"815\" height=\"330\" srcset=\"https:\/\/www.historiayarqueologia.net\/wp-content\/uploads\/medina-elvira.jpg 815w, https:\/\/www.historiayarqueologia.net\/wp-content\/uploads\/medina-elvira-300x121.jpg 300w, https:\/\/www.historiayarqueologia.net\/wp-content\/uploads\/medina-elvira-768x311.jpg 768w\" sizes=\"(max-width: 815px) 100vw, 815px\" \/>Los arque\u00f3logos vuelven a Medina Elvira casi siete a\u00f1os despu\u00e9s de la \u00faltima campa\u00f1a de 2009. En un proyecto financiado por el Gobierno de Polonia, el yacimiento situado en el t\u00e9rmino municipal de Atarfe acoge desde el 12 de abril y hasta el 2 de mayo a un equipo de once investigadores polacos coordinados por el profesor Marian Rebkowski, del Institute of Archaeology and Ethnology, Polish Academy of Science. Este grupo, dirigido por Antonio Malpica, catedr\u00e1tico de la UGR y responsable del yacimiento, llevar\u00e1 a cabo la primera fase del proyecto a tres a\u00f1os en la que se realizar\u00e1 una prospecci\u00f3n geomagn\u00e9tica dirigida por Tomasz Maria Herbich y se investigar\u00e1n diferentes zonas cubriendo una superficie que abarcar\u00e1 aproximadamente unas 15 hect\u00e1reas, lo que permitir\u00e1 localizar nuevas evidencias de restos arqueol\u00f3gicos, adem\u00e1s de obtener datos sobre la organizaci\u00f3n espacial del yacimiento. Al mismo tiempo, otros investigadores llevar\u00e1n a cabo un escaneo l\u00e1ser de buena parte del terreno para su correcta documentaci\u00f3n.<\/p>\n<h2><img decoding=\"async\" class=\"size-full wp-image-882 alignright\" src=\"https:\/\/www.historiayarqueologia.net\/wp-content\/uploads\/medina-elvira1.jpg\" alt=\"medina-elvira1\" width=\"335\" height=\"194\" srcset=\"https:\/\/www.historiayarqueologia.net\/wp-content\/uploads\/medina-elvira1.jpg 335w, https:\/\/www.historiayarqueologia.net\/wp-content\/uploads\/medina-elvira1-300x174.jpg 300w\" sizes=\"(max-width: 335px) 100vw, 335px\" \/>Nueva campa\u00f1a en Medina Elvira<\/h2>\n<p>Que sea Polonia la que financie esta nueva campa\u00f1a en Medina Elvira es algo habitual en el mundo de la arqueolog\u00eda, como demuestran los distintos proyectos de investigaci\u00f3n que se desarrollan en Egipto, donde est\u00e1n implicados un buen n\u00famero de pa\u00edses. \u00abHay unos fondos para estudiar el mundo \u00e1rabe, pero como la situaci\u00f3n pol\u00edtica es tan complicada en Siria o Jordania se ha transferido parte de este dinero para estudiar Medina Elvira\u00bb, se\u00f1ala Antonio Malpica despu\u00e9s de que fuera aprobada la memoria de las intervenciones de 2009, lo que ha permitido que los investigadores puedan volver a mancharse de barro en el sitio arqueol\u00f3gico.<\/p>\n<p>Esta campa\u00f1a cuenta con la participaci\u00f3n de la Universidad de Varsovia, el Instituto de Cultura Material de Polonia, la Universidad de Florencia y la UGR. En cuanto a la presencia de los expertos polacos, Malpica subraya que son unos expertos con un gran prestigio a nivel mundial. Parte de este autoridad procede de la II Guerra Mundial, cuando Hitler arras\u00f3 Varsovia. Los polacos, a partir de 1945, iniciaron una campa\u00f1a de restauraci\u00f3n y a buscar la identidad eslava a trav\u00e9s de las intervenciones arqueol\u00f3gicas. A partir de ah\u00ed generaron un m\u00e9todo de trabajo muy sofisticado que ha sido exportado a toda Europa Occidental en un momento en el que la Arqueolog\u00eda Medieval estaba en sus inicios.<\/p>\n<p>Los trabajos se centran de momento en realizar un estudio pormenorizado del yacimiento. Para desempolvar los picos y las palas hay que pedir un proyecto nuevo en el que Malpica aparecer\u00e1 como responsable. \u00abNunca se hizo una prospecci\u00f3n geof\u00edsica completa porque vale un dineral, ahora hemos elegido varios sitios concretos y es una campa\u00f1a que comenzamos con todas las expectativas porque la parte cristiana del yacimiento apenas se conoce. Hay zonas en las que se ha encontrado mucha cer\u00e1mica, lo que indica que hab\u00eda una gran densidad de ocupaci\u00f3n\u00bb, se\u00f1ala Malpica sobre una poblaci\u00f3n cristiana que se mantuvo desde la \u00e9poca Tardorromana hasta el siglo XI, cuando se abandon\u00f3 este enclave.<\/p>\n<p>As\u00ed que es altamente probable que se encuentren restos de edificaciones. De hecho, los trabajos realizados hasta ahora estaban centrados en verificar las intervenciones realizadas en el siglo XIX. A partir de ah\u00ed se sientan las bases de que estos estudios son reales, que nadie se ha inventado la fabulosa historia de Medina Elvira. El yacimiento, que tiene una extensi\u00f3n total de m\u00e1s de 300 hect\u00e1reas, tambi\u00e9n contar\u00e1 en esta fase con un escaneo l\u00e1ser de buena parte del terreno, una &#8216;radiograf\u00eda&#8217; para dibujar los restos que permanecen ocultos debajo del suelo.<\/p>\n<p><a href=\"https:\/\/www.granadahoy.com\/article\/ocio\/2263203\/polonia\/financia\/la\/nueva\/campana\/excavaciones\/medina\/elvira.html\" target=\"_blank\" rel=\"nofollow noopener\">Fuente<\/a><\/p>\n","protected":false},"excerpt":{"rendered":"<p>Los arque\u00f3logos vuelven a Medina Elvira casi siete a\u00f1os despu\u00e9s de la \u00faltima campa\u00f1a de 2009. En un proyecto financiado por el Gobierno de Polonia, el yacimiento situado en el t\u00e9rmino municipal de Atarfe acoge desde el 12 de abril y hasta el 2 de mayo a un equipo de once investigadores polacos coordinados por [&hellip;]<\/p>\n","protected":false},"author":1,"featured_media":881,"comment_status":"open","ping_status":"closed","sticky":false,"template":"","format":"standard","meta":{"_jetpack_memberships_contains_paid_content":false,"footnotes":"","jetpack_publicize_message":"","jetpack_publicize_feature_enabled":true,"jetpack_social_post_already_shared":true,"jetpack_social_options":{"image_generator_settings":{"template":"highway","default_image_id":0,"font":"","enabled":false},"version":2}},"categories":[7],"tags":[79],"class_list":["post-880","post","type-post","status-publish","format-standard","has-post-thumbnail","hentry","category-noticias-arqueologia","tag-arqueologia"],"jetpack_publicize_connections":[],"jetpack_featured_media_url":"https:\/\/www.historiayarqueologia.net\/wp-content\/uploads\/medina-elvira.jpg","jetpack_sharing_enabled":true,"_links":{"self":[{"href":"https:\/\/www.historiayarqueologia.net\/index.php?rest_route=\/wp\/v2\/posts\/880","targetHints":{"allow":["GET"]}}],"collection":[{"href":"https:\/\/www.historiayarqueologia.net\/index.php?rest_route=\/wp\/v2\/posts"}],"about":[{"href":"https:\/\/www.historiayarqueologia.net\/index.php?rest_route=\/wp\/v2\/types\/post"}],"author":[{"embeddable":true,"href":"https:\/\/www.historiayarqueologia.net\/index.php?rest_route=\/wp\/v2\/users\/1"}],"replies":[{"embeddable":true,"href":"https:\/\/www.historiayarqueologia.net\/index.php?rest_route=%2Fwp%2Fv2%2Fcomments&post=880"}],"version-history":[{"count":1,"href":"https:\/\/www.historiayarqueologia.net\/index.php?rest_route=\/wp\/v2\/posts\/880\/revisions"}],"predecessor-version":[{"id":883,"href":"https:\/\/www.historiayarqueologia.net\/index.php?rest_route=\/wp\/v2\/posts\/880\/revisions\/883"}],"wp:featuredmedia":[{"embeddable":true,"href":"https:\/\/www.historiayarqueologia.net\/index.php?rest_route=\/wp\/v2\/media\/881"}],"wp:attachment":[{"href":"https:\/\/www.historiayarqueologia.net\/index.php?rest_route=%2Fwp%2Fv2%2Fmedia&parent=880"}],"wp:term":[{"taxonomy":"category","embeddable":true,"href":"https:\/\/www.historiayarqueologia.net\/index.php?rest_route=%2Fwp%2Fv2%2Fcategories&post=880"},{"taxonomy":"post_tag","embeddable":true,"href":"https:\/\/www.historiayarqueologia.net\/index.php?rest_route=%2Fwp%2Fv2%2Ftags&post=880"}],"curies":[{"name":"wp","href":"https:\/\/api.w.org\/{rel}","templated":true}]}}