{"id":864,"date":"2016-04-14T17:53:26","date_gmt":"2016-04-14T15:53:26","guid":{"rendered":"https:\/\/www.historiayarqueologia.net\/?p=864"},"modified":"2016-04-14T17:53:26","modified_gmt":"2016-04-14T15:53:26","slug":"hallan-lapida-evangelizador-del-siglo-xvi-la-catedral-mexico","status":"publish","type":"post","link":"https:\/\/www.historiayarqueologia.net\/?p=864","title":{"rendered":"Hallan l\u00e1pida de un cl\u00e9rigo acompa\u00f1ante de Hern\u00e1n Cortes"},"content":{"rendered":"<p><img fetchpriority=\"high\" decoding=\"async\" class=\"aligncenter size-full wp-image-874\" src=\"https:\/\/www.historiayarqueologia.net\/wp-content\/uploads\/mexico-lapida-clerigo-0.jpg\" alt=\"mexico lapida clerigo\" width=\"815\" height=\"330\" srcset=\"https:\/\/www.historiayarqueologia.net\/wp-content\/uploads\/mexico-lapida-clerigo-0.jpg 815w, https:\/\/www.historiayarqueologia.net\/wp-content\/uploads\/mexico-lapida-clerigo-0-300x121.jpg 300w, https:\/\/www.historiayarqueologia.net\/wp-content\/uploads\/mexico-lapida-clerigo-0-768x311.jpg 768w\" sizes=\"(max-width: 815px) 100vw, 815px\" \/><a href=\"https:\/\/diario.mx\/Nacional\/2016-04-13_eed1586d\/hallan-lapida-de-un-clerigo-del-siglo-xvi\/\" target=\"_blank\" rel=\"nofollow noopener\">Ciudad de M\u00e9xico<\/a> \u2014 A finales de febrero pasado, mientras supervisaban la cimentaci\u00f3n de postes que se instalar\u00e1n para iluminar la fachada de la Catedral Metropolitana, ingenieros que colaboran con el Fideicomiso del Centro Hist\u00f3rico (FCH) se toparon con una l\u00e1pida funeraria del siglo XVI cuyas inscripciones indican que se trata de un destacado cl\u00e9rigo que fue parte del cabildo de la primera Catedral de M\u00e9xico, construida a petici\u00f3n de Hern\u00e1n Cort\u00e9s.<\/p>\n<p><img decoding=\"async\" class=\"aligncenter size-full wp-image-870\" src=\"https:\/\/www.historiayarqueologia.net\/wp-content\/uploads\/mexico-lapida-clerigo6jpg.jpg\" alt=\"mexico-lapida-clerigo6jpg\" width=\"1023\" height=\"630\" srcset=\"https:\/\/www.historiayarqueologia.net\/wp-content\/uploads\/mexico-lapida-clerigo6jpg.jpg 1023w, https:\/\/www.historiayarqueologia.net\/wp-content\/uploads\/mexico-lapida-clerigo6jpg-300x185.jpg 300w, https:\/\/www.historiayarqueologia.net\/wp-content\/uploads\/mexico-lapida-clerigo6jpg-768x473.jpg 768w\" sizes=\"(max-width: 1023px) 100vw, 1023px\" \/>En conferencia de prensa, el arque\u00f3logo Ra\u00fal Barrera, director del Programa de Arqueolog\u00eda Urbana (PAU) del Museo del Templo Mayor, equipo que tuvo a su cargo los trabajos de excavaci\u00f3n y registro del hallazgo, explic\u00f3 que la l\u00e1pida tallada en piedra podr\u00eda estar protegiendo los restos del can\u00f3nigo espa\u00f1ol Miguel de Palomares, quien era integrante del cabildo eclesi\u00e1stico de la primera Catedral, durante el obispado de fray Juan de Zum\u00e1rraga, el primer arzobispo de la ciudad de M\u00e9xico.<\/p>\n<p><img decoding=\"async\" class=\"aligncenter size-full wp-image-867\" src=\"https:\/\/www.historiayarqueologia.net\/wp-content\/uploads\/mexico-lapida-clerigo3.jpg\" alt=\"mexico-lapida-clerigo3\" width=\"702\" height=\"468\" srcset=\"https:\/\/www.historiayarqueologia.net\/wp-content\/uploads\/mexico-lapida-clerigo3.jpg 702w, https:\/\/www.historiayarqueologia.net\/wp-content\/uploads\/mexico-lapida-clerigo3-300x200.jpg 300w\" sizes=\"(max-width: 702px) 100vw, 702px\" \/>\u201cEs muy probable que all\u00ed se encuentren los restos de este can\u00f3nigo, que fue un personaje muy importante; lleg\u00f3 en la primera mitad del siglo XVI, estuvo en Veracruz y luego se traslad\u00f3 a la ciudad de M\u00e9xico\u201d, sostuvo el arque\u00f3logo al indicar que en los pr\u00f3ximos d\u00edas remover\u00e1n la losa para poder continuar con las excavaciones.<\/p>\n<p><img loading=\"lazy\" decoding=\"async\" class=\"aligncenter size-full wp-image-869\" src=\"https:\/\/www.historiayarqueologia.net\/wp-content\/uploads\/mexico-lapida-clerigo5.jpg\" alt=\"mexico-lapida-clerigo5\" width=\"620\" height=\"432\" srcset=\"https:\/\/www.historiayarqueologia.net\/wp-content\/uploads\/mexico-lapida-clerigo5.jpg 620w, https:\/\/www.historiayarqueologia.net\/wp-content\/uploads\/mexico-lapida-clerigo5-300x209.jpg 300w\" sizes=\"(max-width: 620px) 100vw, 620px\" \/>La pieza, de 1.87 metros de largo, 90 cent\u00edmetros de ancho y un espesor de 30 cent\u00edmetros, se ubica a 1.25 metros de profundidad del nivel de la acera, frente a la puerta central de la actual Catedral, y ser\u00e1 trasladada al Museo del Templo Mayor para su consolidaci\u00f3n.<\/p>\n<p><img loading=\"lazy\" decoding=\"async\" class=\"aligncenter size-full wp-image-873\" src=\"https:\/\/www.historiayarqueologia.net\/wp-content\/uploads\/mexico-lapida-clerigo9.jpg\" alt=\"mexico-lapida-clerigo9\" width=\"651\" height=\"400\" srcset=\"https:\/\/www.historiayarqueologia.net\/wp-content\/uploads\/mexico-lapida-clerigo9.jpg 651w, https:\/\/www.historiayarqueologia.net\/wp-content\/uploads\/mexico-lapida-clerigo9-300x184.jpg 300w\" sizes=\"(max-width: 651px) 100vw, 651px\" \/>Barrera resalt\u00f3 la importancia de este descubrimiento, ya que es la primera vez que se identifica una l\u00e1pida de un alto cl\u00e9rigo asociado a la primera Catedral de M\u00e9xico, construida por encargo de Hern\u00e1n Cort\u00e9s en 1524, cuyos vestigios est\u00e1n debajo de los cimientos de la actual.<\/p>\n<p><img loading=\"lazy\" decoding=\"async\" class=\"aligncenter size-full wp-image-875\" src=\"https:\/\/www.historiayarqueologia.net\/wp-content\/uploads\/mexico-lapida-clerigo.jpg\" alt=\"mexico-lapida-clerigo\" width=\"980\" height=\"617\" srcset=\"https:\/\/www.historiayarqueologia.net\/wp-content\/uploads\/mexico-lapida-clerigo.jpg 980w, https:\/\/www.historiayarqueologia.net\/wp-content\/uploads\/mexico-lapida-clerigo-300x189.jpg 300w, https:\/\/www.historiayarqueologia.net\/wp-content\/uploads\/mexico-lapida-clerigo-768x484.jpg 768w\" sizes=\"(max-width: 980px) 100vw, 980px\" \/>El investigador del Instituto Nacional de Antropolog\u00eda e Historia (INAH) mencion\u00f3 que durante la excavaci\u00f3n tambi\u00e9n se identificaron restos de muros prehisp\u00e1nicos, lo cual refuerza la idea de que ese edificio religioso fue construido sobre las ruinas mexicas.<\/p>\n<p><img loading=\"lazy\" decoding=\"async\" class=\"aligncenter size-full wp-image-872\" src=\"https:\/\/www.historiayarqueologia.net\/wp-content\/uploads\/mexico-lapida-clerigo8.jpg\" alt=\"mexico-lapida-clerigo8\" width=\"1023\" height=\"630\" srcset=\"https:\/\/www.historiayarqueologia.net\/wp-content\/uploads\/mexico-lapida-clerigo8.jpg 1023w, https:\/\/www.historiayarqueologia.net\/wp-content\/uploads\/mexico-lapida-clerigo8-300x185.jpg 300w, https:\/\/www.historiayarqueologia.net\/wp-content\/uploads\/mexico-lapida-clerigo8-768x473.jpg 768w\" sizes=\"(max-width: 1023px) 100vw, 1023px\" \/>Sobre la losa est\u00e1n grabados un texto en castellano antiguo y unas letras griegas que indican que se trata del \u00faltimo sitio de descanso del cl\u00e9rigo, as\u00ed como el lugar y fecha de su nacimiento y muerte. Posiblemente naci\u00f3 en Calahorra, Espa\u00f1a, y falleci\u00f3 en la Ciudad de M\u00e9xico en 1542.<\/p>\n<p><img loading=\"lazy\" decoding=\"async\" class=\"aligncenter size-full wp-image-871\" src=\"https:\/\/www.historiayarqueologia.net\/wp-content\/uploads\/mexico-lapida-clerigo7.jpg\" alt=\"mexico-lapida-clerigo7\" width=\"1023\" height=\"630\" srcset=\"https:\/\/www.historiayarqueologia.net\/wp-content\/uploads\/mexico-lapida-clerigo7.jpg 1023w, https:\/\/www.historiayarqueologia.net\/wp-content\/uploads\/mexico-lapida-clerigo7-300x185.jpg 300w, https:\/\/www.historiayarqueologia.net\/wp-content\/uploads\/mexico-lapida-clerigo7-768x473.jpg 768w\" sizes=\"(max-width: 1023px) 100vw, 1023px\" \/>Tambi\u00e9n se pueden ver tres flores de lis, s\u00edmbolo relacionado con la orden dominica. Sin embargo, Barrera se\u00f1al\u00f3 que a\u00fan no es posible afirmar que haya pertenecido a esa orden e indic\u00f3 que est\u00e1n en proceso de investigaci\u00f3n, con lo cual corroborar\u00e1n estos datos previos.<\/p>\n<p><img loading=\"lazy\" decoding=\"async\" class=\"aligncenter size-full wp-image-866\" src=\"https:\/\/www.historiayarqueologia.net\/wp-content\/uploads\/mexico-lapida-clerigo2.jpg\" alt=\"mexico-lapida-clerigo2\" width=\"988\" height=\"823\" srcset=\"https:\/\/www.historiayarqueologia.net\/wp-content\/uploads\/mexico-lapida-clerigo2.jpg 988w, https:\/\/www.historiayarqueologia.net\/wp-content\/uploads\/mexico-lapida-clerigo2-300x250.jpg 300w, https:\/\/www.historiayarqueologia.net\/wp-content\/uploads\/mexico-lapida-clerigo2-768x640.jpg 768w\" sizes=\"(max-width: 988px) 100vw, 988px\" \/>La l\u00e1pida presenta un orificio al centro y est\u00e1 partida a la mitad. Esto se debe a obras de infraestructura que posiblemente se realizaron en la \u00e9poca colonial, aclar\u00f3 Ra\u00fal Barrera. \u201cTenemos evidencia de que ese orificio fue provocado al colocar un poste de madera, lo cual afect\u00f3 a la l\u00e1pida\u201d, dijo y explic\u00f3 que para removerla, la levantar\u00e1n en dos partes.<\/p>\n<p>Seg\u00fan el arque\u00f3logo, la excavaci\u00f3n, que ahora se encuentra protegida a la vista del p\u00fablico por unos paneles de madera, aportar\u00e1 datos para marcar los l\u00edmites entre la antigua Catedral y su camposanto.<\/p>\n<p>Presente en la conferencia de prensa, el arque\u00f3logo Eduardo Matos Moctezuma explic\u00f3 que el hallazgo resulta interesante porque corresponde a la primera mitad del siglo XVI, a uno de los primeros sacerdotes en M\u00e9xico despu\u00e9s de la Conquista, en 1521, por lo que reflejar\u00e1 datos para conocer las primeras etapas de la \u00e9poca colonial.<\/p>\n","protected":false},"excerpt":{"rendered":"<p>Ciudad de M\u00e9xico \u2014 A finales de febrero pasado, mientras supervisaban la cimentaci\u00f3n de postes que se instalar\u00e1n para iluminar la fachada de la Catedral Metropolitana, ingenieros que colaboran con el Fideicomiso del Centro Hist\u00f3rico (FCH) se toparon con una l\u00e1pida funeraria del siglo XVI cuyas inscripciones indican que se trata de un destacado cl\u00e9rigo [&hellip;]<\/p>\n","protected":false},"author":1,"featured_media":874,"comment_status":"open","ping_status":"closed","sticky":false,"template":"","format":"standard","meta":{"_jetpack_memberships_contains_paid_content":false,"footnotes":"","jetpack_publicize_message":"","jetpack_publicize_feature_enabled":true,"jetpack_social_post_already_shared":true,"jetpack_social_options":{"image_generator_settings":{"template":"highway","default_image_id":0,"font":"","enabled":false},"version":2}},"categories":[7],"tags":[],"class_list":["post-864","post","type-post","status-publish","format-standard","has-post-thumbnail","hentry","category-noticias-arqueologia"],"jetpack_publicize_connections":[],"jetpack_featured_media_url":"https:\/\/www.historiayarqueologia.net\/wp-content\/uploads\/mexico-lapida-clerigo-0.jpg","jetpack_sharing_enabled":true,"_links":{"self":[{"href":"https:\/\/www.historiayarqueologia.net\/index.php?rest_route=\/wp\/v2\/posts\/864","targetHints":{"allow":["GET"]}}],"collection":[{"href":"https:\/\/www.historiayarqueologia.net\/index.php?rest_route=\/wp\/v2\/posts"}],"about":[{"href":"https:\/\/www.historiayarqueologia.net\/index.php?rest_route=\/wp\/v2\/types\/post"}],"author":[{"embeddable":true,"href":"https:\/\/www.historiayarqueologia.net\/index.php?rest_route=\/wp\/v2\/users\/1"}],"replies":[{"embeddable":true,"href":"https:\/\/www.historiayarqueologia.net\/index.php?rest_route=%2Fwp%2Fv2%2Fcomments&post=864"}],"version-history":[{"count":2,"href":"https:\/\/www.historiayarqueologia.net\/index.php?rest_route=\/wp\/v2\/posts\/864\/revisions"}],"predecessor-version":[{"id":877,"href":"https:\/\/www.historiayarqueologia.net\/index.php?rest_route=\/wp\/v2\/posts\/864\/revisions\/877"}],"wp:featuredmedia":[{"embeddable":true,"href":"https:\/\/www.historiayarqueologia.net\/index.php?rest_route=\/wp\/v2\/media\/874"}],"wp:attachment":[{"href":"https:\/\/www.historiayarqueologia.net\/index.php?rest_route=%2Fwp%2Fv2%2Fmedia&parent=864"}],"wp:term":[{"taxonomy":"category","embeddable":true,"href":"https:\/\/www.historiayarqueologia.net\/index.php?rest_route=%2Fwp%2Fv2%2Fcategories&post=864"},{"taxonomy":"post_tag","embeddable":true,"href":"https:\/\/www.historiayarqueologia.net\/index.php?rest_route=%2Fwp%2Fv2%2Ftags&post=864"}],"curies":[{"name":"wp","href":"https:\/\/api.w.org\/{rel}","templated":true}]}}