{"id":856,"date":"2016-04-14T14:11:46","date_gmt":"2016-04-14T12:11:46","guid":{"rendered":"https:\/\/www.historiayarqueologia.net\/?p=856"},"modified":"2016-04-14T14:33:12","modified_gmt":"2016-04-14T12:33:12","slug":"restos-de-federico-garcia-lorca","status":"publish","type":"post","link":"https:\/\/www.historiayarqueologia.net\/?p=856","title":{"rendered":"Arque\u00f3logos afirman haber localizado los restos de Federico Garc\u00eda Lorca"},"content":{"rendered":"<p><strong>Los restos de Federico Garc\u00eda Lorca han sido ubicados en un pozo de agua de una f\u00e1brica textil en Alfacar (Granada), seg\u00fan afirma el portal bez.es en su web. Estos pozos de agua eran com\u00fanmente utilizados como fosas comunes para los fusilados de la Guerra Civil.<\/strong><\/p>\n<p><img fetchpriority=\"high\" decoding=\"async\" class=\"aligncenter size-full wp-image-857\" src=\"https:\/\/www.historiayarqueologia.net\/wp-content\/uploads\/restos-federico-garcia-lorca.jpg\" alt=\" restos de Federico Garcia Lorca\" width=\"815\" height=\"330\" srcset=\"https:\/\/www.historiayarqueologia.net\/wp-content\/uploads\/restos-federico-garcia-lorca.jpg 815w, https:\/\/www.historiayarqueologia.net\/wp-content\/uploads\/restos-federico-garcia-lorca-300x121.jpg 300w, https:\/\/www.historiayarqueologia.net\/wp-content\/uploads\/restos-federico-garcia-lorca-768x311.jpg 768w\" sizes=\"(max-width: 815px) 100vw, 815px\" \/><\/p>\n<p>El poeta granadino <strong>Federico Garc\u00eda Lorca<\/strong> fue fusilado en agosto de 1936, en pleno levantamiento militar de las tropas franquistas que acab\u00f3 desencadenando en la Guerra Civil, acusado de homosexual y de espionaje en favor de los comunistas rusos. A uno de los miembros m\u00e1s destacados de la Generaci\u00f3n del 27 le dieron el pase\u00edllo en el camino que va de Viznar a Alfacar, localidades vecinas entre las que no median m\u00e1s de tres kil\u00f3metros. Desde entonces, su cad\u00e1ver permanece oculto en una fosa com\u00fan junto al del maestro defensor de la escuela laica <strong>Di\u00f3scoro Galindo<\/strong> y a los de los banderilleros <strong>Francisco Galad\u00ed<\/strong> y <strong>Joaqu\u00edn Arcollas<\/strong>, miembros del sindicato anarquista CNT, ejecutados el 17 de agosto de 1936. Esta investigaci\u00f3n es la continuaci\u00f3n de los trabajos realizados en el a\u00f1o 2013.<\/p>\n<p><img decoding=\"async\" class=\"size-full wp-image-858 alignleft\" src=\"https:\/\/www.historiayarqueologia.net\/wp-content\/uploads\/restos-federico-garcia-lorca2.jpg\" alt=\" restos de Federico Garcia Lorca\" width=\"340\" height=\"462\" srcset=\"https:\/\/www.historiayarqueologia.net\/wp-content\/uploads\/restos-federico-garcia-lorca2.jpg 340w, https:\/\/www.historiayarqueologia.net\/wp-content\/uploads\/restos-federico-garcia-lorca2-221x300.jpg 221w\" sizes=\"(max-width: 340px) 100vw, 340px\" \/>Hasta el momento se han desarrollado varias investigaciones para tratar de determinar la localizaci\u00f3n de esta fosa com\u00fan, siempre con pocos resultados. Sin embargo, un equipo de la Universidad de Granada encabezado por el arque\u00f3logo Miguel Caballero est\u00e1 convencido de que finalmente ha logrado localizar el lugar exacto en el que se encuentran los restos de Federico Garc\u00eda Lorca, una de las grandes reivindicaciones de la Asociaci\u00f3n para la <strong>Recuperaci\u00f3n de la Memoria Hist\u00f3rica<\/strong>.<\/p>\n<p>Aunque actualmente el terreno en el que se quiere hacer la excavaci\u00f3n est\u00e1 ocupado por un campo de f\u00fatbol y una pista de motocross est\u00e1n seguros de sus sospechas. Basan su investigaci\u00f3n en las im\u00e1genes a\u00e9reas hist\u00f3ricas del Archivo Militar General de \u00c1vila. Adem\u00e1s, cuentan con la participaci\u00f3n de los militares que vivieron la ejecuci\u00f3n de Lorca.<\/p>\n<p>El equipo de arque\u00f3logos que encontr\u00f3 los\u00a0 restos de <a href=\"https:\/\/es.wikipedia.org\/wiki\/Federico_Garc\u00eda_Lorca\" target=\"_blank\" rel=\"nofollow noopener\">Federico Garcia Lorca<\/a> ha solicitado una prueba de ADN a la nieta del maestro Galindo, requisito imprescindible, junto a la solicitud de exhumaci\u00f3n de un familiar, para que la Junta de Andaluc\u00eda otorgue el visto bueno para realizar excavaciones en la zona. Desde el diario Bez apuntan a que los familiares de Garc\u00eda Lorca se ha desentendido del proceso.<\/p>\n<h2>Los restos de Federico Garc\u00eda Lorca y la familia de Di\u00f3scoro Galindo<\/h2>\n<p><img decoding=\"async\" class=\"wp-image-859 alignright\" src=\"https:\/\/www.historiayarqueologia.net\/wp-content\/uploads\/Dioscoro-Galindo.jpg\" alt=\"CARTA 4\" width=\"147\" height=\"202\" srcset=\"https:\/\/www.historiayarqueologia.net\/wp-content\/uploads\/Dioscoro-Galindo.jpg 253w, https:\/\/www.historiayarqueologia.net\/wp-content\/uploads\/Dioscoro-Galindo-219x300.jpg 219w\" sizes=\"(max-width: 147px) 100vw, 147px\" \/><\/p>\n<p>Ser\u00e1 gracias a la familia de Galindo (El maestro <em>Di\u00f3scoro Galindo<\/em>, fue fusilado y enterrado con Lorca) si se confirma esta investigaci\u00f3n ya que fueron los que permitieron seguir el trabajo. La familia de Garc\u00eda Lorca se ha negado en varias ocasiones a la b\u00fasqueda de los restos.<\/p>\n<p>Desde el portal se afirma que tanto la exhumaci\u00f3n como las pruebas de ADN se realizar\u00e1n el pr\u00f3ximo viernes. Los investigadores ya han acudido a solicitar la prueba de ADN a la nieta de Di\u00f3scoro Galindo.<\/p>\n","protected":false},"excerpt":{"rendered":"<p>Los restos de Federico Garc\u00eda Lorca han sido ubicados en un pozo de agua de una f\u00e1brica textil en Alfacar (Granada), seg\u00fan afirma el portal bez.es en su web. Estos pozos de agua eran com\u00fanmente utilizados como fosas comunes para los fusilados de la Guerra Civil. El poeta granadino Federico Garc\u00eda Lorca fue fusilado en [&hellip;]<\/p>\n","protected":false},"author":1,"featured_media":857,"comment_status":"open","ping_status":"closed","sticky":false,"template":"","format":"standard","meta":{"_jetpack_memberships_contains_paid_content":false,"footnotes":"","jetpack_publicize_message":"","jetpack_publicize_feature_enabled":true,"jetpack_social_post_already_shared":true,"jetpack_social_options":{"image_generator_settings":{"template":"highway","default_image_id":0,"font":"","enabled":false},"version":2}},"categories":[7],"tags":[],"class_list":["post-856","post","type-post","status-publish","format-standard","has-post-thumbnail","hentry","category-noticias-arqueologia"],"jetpack_publicize_connections":[],"jetpack_featured_media_url":"https:\/\/www.historiayarqueologia.net\/wp-content\/uploads\/restos-federico-garcia-lorca.jpg","jetpack_sharing_enabled":true,"_links":{"self":[{"href":"https:\/\/www.historiayarqueologia.net\/index.php?rest_route=\/wp\/v2\/posts\/856","targetHints":{"allow":["GET"]}}],"collection":[{"href":"https:\/\/www.historiayarqueologia.net\/index.php?rest_route=\/wp\/v2\/posts"}],"about":[{"href":"https:\/\/www.historiayarqueologia.net\/index.php?rest_route=\/wp\/v2\/types\/post"}],"author":[{"embeddable":true,"href":"https:\/\/www.historiayarqueologia.net\/index.php?rest_route=\/wp\/v2\/users\/1"}],"replies":[{"embeddable":true,"href":"https:\/\/www.historiayarqueologia.net\/index.php?rest_route=%2Fwp%2Fv2%2Fcomments&post=856"}],"version-history":[{"count":4,"href":"https:\/\/www.historiayarqueologia.net\/index.php?rest_route=\/wp\/v2\/posts\/856\/revisions"}],"predecessor-version":[{"id":863,"href":"https:\/\/www.historiayarqueologia.net\/index.php?rest_route=\/wp\/v2\/posts\/856\/revisions\/863"}],"wp:featuredmedia":[{"embeddable":true,"href":"https:\/\/www.historiayarqueologia.net\/index.php?rest_route=\/wp\/v2\/media\/857"}],"wp:attachment":[{"href":"https:\/\/www.historiayarqueologia.net\/index.php?rest_route=%2Fwp%2Fv2%2Fmedia&parent=856"}],"wp:term":[{"taxonomy":"category","embeddable":true,"href":"https:\/\/www.historiayarqueologia.net\/index.php?rest_route=%2Fwp%2Fv2%2Fcategories&post=856"},{"taxonomy":"post_tag","embeddable":true,"href":"https:\/\/www.historiayarqueologia.net\/index.php?rest_route=%2Fwp%2Fv2%2Ftags&post=856"}],"curies":[{"name":"wp","href":"https:\/\/api.w.org\/{rel}","templated":true}]}}