{"id":852,"date":"2016-04-14T11:11:06","date_gmt":"2016-04-14T09:11:06","guid":{"rendered":"https:\/\/www.historiayarqueologia.net\/?p=852"},"modified":"2016-04-14T11:11:06","modified_gmt":"2016-04-14T09:11:06","slug":"casa-de-adriano-en-roma","status":"publish","type":"post","link":"https:\/\/www.historiayarqueologia.net\/?p=852","title":{"rendered":"La casa de Adriano en Roma excavada por arque\u00f3logos espa\u00f1oles"},"content":{"rendered":"<p><img fetchpriority=\"high\" decoding=\"async\" class=\"aligncenter wp-image-853 size-full\" src=\"https:\/\/www.historiayarqueologia.net\/wp-content\/uploads\/casa-adriano-roma.jpg\" alt=\"La casa de Adriano\" width=\"815\" height=\"330\" srcset=\"https:\/\/www.historiayarqueologia.net\/wp-content\/uploads\/casa-adriano-roma.jpg 815w, https:\/\/www.historiayarqueologia.net\/wp-content\/uploads\/casa-adriano-roma-300x121.jpg 300w, https:\/\/www.historiayarqueologia.net\/wp-content\/uploads\/casa-adriano-roma-768x311.jpg 768w\" sizes=\"(max-width: 815px) 100vw, 815px\" \/><br \/>\nConocer la distribuci\u00f3n de las distintas estancias la casa de Adriano en la romana Villa Adriana es el objetivo del primer grupo de espa\u00f1oles que trabaja estos d\u00edas en este yacimiento, en una campa\u00f1a de excavaci\u00f3n.<\/p>\n<p>Son un grupo formado por <strong>arque\u00f3logos, investigadores y alumnos de la Universidad Pablo de Olavide (UPO) de Sevilla<\/strong> que participa en las excavaciones de Villa Adriana de T\u00edvoli (Roma) desde 2003.<\/p>\n<p>Primero trabajaron en la zona del Teatro Greco y, una vez finalizado en 2013, se trasladaron a la zona del \u00abPalazzo\u00bb, la residencia del emperador Adriano, donde excavan actualmente.<\/p>\n<p><img decoding=\"async\" class=\"alignright wp-image-854 size-full\" src=\"https:\/\/www.historiayarqueologia.net\/wp-content\/uploads\/busto-adriano.jpg\" alt=\"La casa de Adriano\" width=\"245\" height=\"276\" \/>En estos d\u00edas -estar\u00e1n hasta el pr\u00f3ximo 17 de abril-, trabajan en una nueva campa\u00f1a dentro de este proyecto de investigaci\u00f3n que desarrollan en esta villa romana.<\/p>\n<p>\u00ab<em>La zona de &#8216;Palazzo&#8217; tiene muchos problemas por resolver, no se conoce en profundidad, hay muchas dudas sobre muchos aspectos interpretativos sobre este sector de la villa que pretendemos nosotros resolver con nuestro proyecto<\/em>\u00ab, explic\u00f3 a Efe el director del mismo y profesor de Arqueolog\u00eda de la UPO, Rafael Hidalgo.<\/p>\n<p>Esta es la cuarta campa\u00f1a de excavaciones que la UPO lleva a cabo en el \u00abPalazzo\u00bb de este emperador, procedente de una familia hispana de It\u00e1lica, desde que empezara a operar en 2013.<\/p>\n<p>En este tiempo han podido determinar que, bajo el vac\u00edo visual que aparentemente ve\u00edan los visitantes de Villa Adriana -pues inicialmente los asistentes paseaban sobre una explanada de tierra y vegetaci\u00f3n-, se encuentra un espacio \u00abconformado por patios independientes\u00bb.<\/p>\n<p>En la residencia del emperador romano hab\u00eda originariamente tres patios de suelos y paredes de m\u00e1rmol de diversos colores, de \u00abextraordinaria calidad\u00bb, que denotaban un significativo inter\u00e9s de Adriano por el lujo y la ostentaci\u00f3n.<\/p>\n<p>Aunque la mayor parte de la decoraci\u00f3n de la villa fue expoliada, existen \u00abvestigios de esa decoraci\u00f3n\u00bb, como \u00ablas huellas de las piezas de m\u00e1rmol que fueron robadas\u00bb que revelan que el emperador paseaba sobre \u00abpavimentos de taracea de m\u00e1rmol\u00bb de diversos colores.<\/p>\n<p>\u00ab<em>Jugando con las huellas y con los trozos de m\u00e1rmol que vamos hallando en las excavaciones, podemos reconstruir c\u00f3mo era todo esto antes del saqueo. Sabemos que estos espacios estaban decorados con m\u00e1rmol, tanto el suelo como las paredes<\/em>\u00ab, explic\u00f3.<\/p>\n<p>En el \u00abPalazzo\u00bb, uno de los descubrimientos m\u00e1s significativos que la UPO ha sacado a la luz, y que gracias a ello ahora los visitantes a la villa pueden admirar, es el &#8216;stibadium&#8217; romano (sala de banquetes) m\u00e1s antiguo que se conoce.<\/p>\n<p>\u00abEl &#8216;stibadium&#8217; es un tipo de mesa semicircular que se pone de moda en el bajo imperio pero que su origen es mucho m\u00e1s antiguo. Esta mesa es muy importante en el mundo romano\u00bb, ilustr\u00f3.<\/p>\n<p>Los resultados de estos investigadores espa\u00f1oles han revelado que este \u00abstibadium\u00bb que ellos hallaron en el palacio de Adriano sirvi\u00f3 de inspiraci\u00f3n al emperador para la creaci\u00f3n posterior del gran \u00abstibadium\u00bb del Canopo, uno de los tesoros m\u00e1s admirados de la villa.<\/p>\n<p>Tambi\u00e9n han confirmado que en el palacio residencial hab\u00eda una serie de \u00abestancias cubiertas, abiertas a un patio central, todas ellas de uso exclusivo del emperador\u00bb.<\/p>\n<p>En la casa de Adriano exist\u00eda adem\u00e1s \u00abuna gran fuente en la cabecera absidada\u00bb con \u00abdos letrinas individuales laterales\u00bb, un hallazgo singular, ya que las letrinas individuales no eran comunes en el mundo romano.<\/p>\n<p>\u00ab<em>La letrina individual es una caracter\u00edstica muy importante de Villa Adriana, porque en cuanto al uso de letrinas el mundo romano no tiene el concepto de privacidad que tenemos nosotros, de modo que es muy at\u00edpico que en un edificio romano haya una letrina de un \u00fanico puesto (&#8230;)<\/em>\u00ab, expuso.<\/p>\n<p>El hecho de que en esta villa s\u00ed se den letrinas individuales denota que eran utilizadas por el emperador y que eran una demostraci\u00f3n de \u00ablujo\u00bb.<\/p>\n<p>En el palacio tambi\u00e9n hab\u00eda una zona que previsiblemente era una \u00abterraza ajardinada\u00bb, que a su vez \u00abmiraba\u00bb a otro espacio que era \u00abun gran p\u00f3rtico\u00bb.<\/p>\n<p>El \u00abPalazzo\u00bb de Villa Adriana constituye un edificio de gran inter\u00e9s para el conocimiento de este importante enclave arqueol\u00f3gico, pues se trata de la primera zona residencial con que cont\u00f3 el emperador en la villa.<\/p>\n<p>\u00ab<em>Estamos en una zona central de la villa, en una zona neur\u00e1lgica de la villa porque es la primera zona residencial que construye el emperador Adriano en Villa Adriana<\/em>\u00ab, sostuvo.<\/p>\n<p>La subvenci\u00f3n de esta campa\u00f1a ha corrido a cargo del Ministerio de Cultura, la Facultad de Humanidades de la UPO y los proyectos de investigaci\u00f3n del Seminario de Arqueolog\u00eda de la UPO, con la colaboraci\u00f3n de la UPO.<\/p>\n<p><a href=\"https:\/\/www.eldiario.es\/cultura\/Arqueologos-espanoles-recuperar-Adriano-Roma_0_505349569.html\" target=\"_blank\" rel=\"nofollow noopener\">Fuente<\/a><br \/>\nLaura Serrano-Conde<\/p>\n","protected":false},"excerpt":{"rendered":"<p>Conocer la distribuci\u00f3n de las distintas estancias la casa de Adriano en la romana Villa Adriana es el objetivo del primer grupo de espa\u00f1oles que trabaja estos d\u00edas en este yacimiento, en una campa\u00f1a de excavaci\u00f3n. Son un grupo formado por arque\u00f3logos, investigadores y alumnos de la Universidad Pablo de Olavide (UPO) de Sevilla que [&hellip;]<\/p>\n","protected":false},"author":1,"featured_media":853,"comment_status":"open","ping_status":"closed","sticky":false,"template":"","format":"standard","meta":{"_jetpack_memberships_contains_paid_content":false,"footnotes":"","jetpack_publicize_message":"","jetpack_publicize_feature_enabled":true,"jetpack_social_post_already_shared":true,"jetpack_social_options":{"image_generator_settings":{"template":"highway","default_image_id":0,"font":"","enabled":false},"version":2}},"categories":[7],"tags":[82],"class_list":["post-852","post","type-post","status-publish","format-standard","has-post-thumbnail","hentry","category-noticias-arqueologia","tag-roma"],"jetpack_publicize_connections":[],"jetpack_featured_media_url":"https:\/\/www.historiayarqueologia.net\/wp-content\/uploads\/casa-adriano-roma.jpg","jetpack_sharing_enabled":true,"_links":{"self":[{"href":"https:\/\/www.historiayarqueologia.net\/index.php?rest_route=\/wp\/v2\/posts\/852","targetHints":{"allow":["GET"]}}],"collection":[{"href":"https:\/\/www.historiayarqueologia.net\/index.php?rest_route=\/wp\/v2\/posts"}],"about":[{"href":"https:\/\/www.historiayarqueologia.net\/index.php?rest_route=\/wp\/v2\/types\/post"}],"author":[{"embeddable":true,"href":"https:\/\/www.historiayarqueologia.net\/index.php?rest_route=\/wp\/v2\/users\/1"}],"replies":[{"embeddable":true,"href":"https:\/\/www.historiayarqueologia.net\/index.php?rest_route=%2Fwp%2Fv2%2Fcomments&post=852"}],"version-history":[{"count":1,"href":"https:\/\/www.historiayarqueologia.net\/index.php?rest_route=\/wp\/v2\/posts\/852\/revisions"}],"predecessor-version":[{"id":855,"href":"https:\/\/www.historiayarqueologia.net\/index.php?rest_route=\/wp\/v2\/posts\/852\/revisions\/855"}],"wp:featuredmedia":[{"embeddable":true,"href":"https:\/\/www.historiayarqueologia.net\/index.php?rest_route=\/wp\/v2\/media\/853"}],"wp:attachment":[{"href":"https:\/\/www.historiayarqueologia.net\/index.php?rest_route=%2Fwp%2Fv2%2Fmedia&parent=852"}],"wp:term":[{"taxonomy":"category","embeddable":true,"href":"https:\/\/www.historiayarqueologia.net\/index.php?rest_route=%2Fwp%2Fv2%2Fcategories&post=852"},{"taxonomy":"post_tag","embeddable":true,"href":"https:\/\/www.historiayarqueologia.net\/index.php?rest_route=%2Fwp%2Fv2%2Ftags&post=852"}],"curies":[{"name":"wp","href":"https:\/\/api.w.org\/{rel}","templated":true}]}}