{"id":831,"date":"2016-04-13T12:15:27","date_gmt":"2016-04-13T10:15:27","guid":{"rendered":"https:\/\/www.historiayarqueologia.net\/?p=831"},"modified":"2016-04-13T12:51:40","modified_gmt":"2016-04-13T10:51:40","slug":"in-memoriam-khaled-asaad","status":"publish","type":"post","link":"https:\/\/www.historiayarqueologia.net\/?p=831","title":{"rendered":"In Memoriam: Khaled Asaad, recuperaron tu querida Palmira"},"content":{"rendered":"<p><strong>Khaled Asaad<\/strong> en Palmira formaba parte de la formidable geograf\u00eda de palacetes, templos, columnatas y torres que despuntaban en Palmira.<\/p>\n<p><img fetchpriority=\"high\" decoding=\"async\" class=\"aligncenter size-full wp-image-839\" src=\"https:\/\/www.historiayarqueologia.net\/wp-content\/uploads\/Khaled-Asaad-Palmira-1.jpg\" alt=\"Khaled-Asaad-Palmira\" width=\"830\" height=\"315\" srcset=\"https:\/\/www.historiayarqueologia.net\/wp-content\/uploads\/Khaled-Asaad-Palmira-1.jpg 830w, https:\/\/www.historiayarqueologia.net\/wp-content\/uploads\/Khaled-Asaad-Palmira-1-300x114.jpg 300w, https:\/\/www.historiayarqueologia.net\/wp-content\/uploads\/Khaled-Asaad-Palmira-1-768x291.jpg 768w\" sizes=\"(max-width: 830px) 100vw, 830px\" \/><\/p>\n<p>Durante el \u00faltimo medio siglo <strong>Khaled Asaad<\/strong> se hab\u00eda entregado a la tarea de preservar \u00abla perla del desierto\u00bb, provisto de un tes\u00f3n tan extraordinario que se hab\u00eda convertido en una figura perenne en mitad de aquel paisaje p\u00e9treo. Se conoc\u00eda cada palmo de la capital del fugaz imperio de Palmira y, a lo largo de su carrera, hab\u00eda excavado sus entra\u00f1as en busca de nuevas tumbas y recovecos.<\/p>\n<p>[pullquote]<strong>\u00abMe dijo: \u00ab<em>Mi vida ha sido restaurar los monumentos y recibir a las delegaciones de todo el mundo que nos visitaban. \u00bfQu\u00e9 pasar\u00e1 con Palmira si todos la abandonamos? Tengo 83 a\u00f1os. Estoy jubilado y soy anciano. He vivido aqu\u00ed y morir\u00e9 tambi\u00e9n aqu\u00ed.<\/em>\u00ab<\/strong>[\/pullquote]Cuando el pasado mayo las huestes del califato irrumpieron en Tadmur -el nombre sem\u00edtico que usan los oriundos para referirse a Palmira-, <strong>Khaled Asaad<\/strong> rehus\u00f3 emprender la huida y esper\u00f3 a que los barbudos llamaran a su puerta. \u00abMe dijo: <em>\u00abMi vida ha sido restaurar los monumentos y recibir a las delegaciones de todo el mundo que nos visitaban. \u00bfQu\u00e9 pasar\u00e1 con Palmira si todos la abandonamos? Tengo 83 a\u00f1os. Estoy jubilado y soy anciano. He vivido aqu\u00ed y morir\u00e9 tambi\u00e9n aqu\u00ed\u00bb<\/em>, relata su hijo Walid en conversaci\u00f3n telef\u00f3nica con Cr\u00f3nica.<\/p>\n<h2>La victoria que no vio<\/h2>\n<p>Han transcurrido dos semanas desde que el ej\u00e9rcito sirio recuperara el control del recinto, pero su v\u00e1stago -quien sucedi\u00f3 al arque\u00f3logo al frente de Palmira tras su jubilaci\u00f3n en 2003- no ha regresado a\u00fan a casa. \u00ab<em>Si todav\u00eda viviera, mi padre estar\u00eda muy feliz de haber expulsado de la ciudad a quienes quer\u00edan destruir la civilizaci\u00f3n y la Historia. Es una victoria contra el terrorismo<\/em>\u00ab, murmura Walid, que considera la reconquista un triunfo p\u00f3stumo del hombre que decidi\u00f3 sacrificarse por Palmira con la valent\u00eda del caballero curtido en mil batallas.<\/p>\n<p>A mediados de agosto, tres meses despu\u00e9s de su llegada, los yihadistas sometieron a <strong>Khaled Asaad<\/strong> a una muerte espantosa: lo arrastraron hasta la plaza que se abre frente al museo y un encapuchado le decapit\u00f3 ante la mirada aterrada de decenas de vecinos. M\u00e1s tarde, su cuerpo fue colgado de una farola por las manos. Sus verdugos colocaron la cabeza sobre la acera, sin olvidar el detalle de las gafas que sol\u00eda lucir en las fotograf\u00edas que guardan sus parientes. Atado a su torso, un cartel detallaba -escritas en \u00e1rabe a mano- las supuestas acusaciones que le hab\u00edan condenado a ser v\u00edctima de una daga: \u00abApoyar al r\u00e9gimen y representar a Siria en las conferencias de los infieles; dirigir el sitio de los \u00eddolos de Tadmur; visitar Ir\u00e1n y celebrar el triunfo de la revoluci\u00f3n de Jomeini&#8230;\u00bb. El cad\u00e1ver fue trasladado posteriormente a la zona monumental, donde volvi\u00f3 a ser expuesto en p\u00fablico.<\/p>\n<p><strong><img decoding=\"async\" class=\"alignleft wp-image-835 size-full\" src=\"https:\/\/www.historiayarqueologia.net\/wp-content\/uploads\/Khaled-Asaad-Palmira1.jpg\" alt=\"Khaled Asaad\" width=\"160\" height=\"232\" \/>Le decapitaron y le pusieron las gafas<\/strong><\/p>\n<p>\u00abApoyar al r\u00e9gimen y representar a Siria en las conferencias de los infieles; dirigir el sitio de los \u00eddolos de Tadmur; visitar Ir\u00e1n y celebrar el triunfo de la revoluci\u00f3n de Jomeini&#8230;\u00bb, rezaba el letrero con el que fue exhibido en una calle de Palmira el cuerpo decapitado de <strong>Khaled Asaad<\/strong>. El r\u00f3tulo tambi\u00e9n acusaba al veterano arque\u00f3logo de las ruinas de Palmira de tener contacto con funcionarios de los servicios de seguridad e inteligencia sirios. La fotograf\u00eda del cad\u00e1ver -colgado por las manos a una farola- y la cabeza dejada sobre la acera -con las gafas perfectamente colocadas- fue tomada por un activista local para levantar acta del horror del Estado Isl\u00e1mico.<\/p>\n<p>\u00ab<em>Nadie imagin\u00f3 que pudieran matarlo de aquella manera tan vil. Mi padre vivi\u00f3 por un principio y muri\u00f3 por fidelidad a esa m\u00e1xima. Sus asesinos proceden de la Prehistoria y quieren destrozar el islam y todo lo relacionado con la ciencia y la cultura<\/em>\u00ab, asevera su hijo, quien no ha olvidado la \u00faltima ocasi\u00f3n en la que vio a su progenitor. \u00ab<em>Era el Aid al Fitr [la fiesta que marca el fin del mes de ayuno musulm\u00e1n de Ramad\u00e1n]. Est\u00e1bamos a 90 kil\u00f3metros de Palmira, en la casa de unos amigos de la familia. Mi padre esperaba escuchar buenas noticias pero por desgracia le inform\u00e9 de la destrucci\u00f3n del le\u00f3n de Al Lat [una estatua de 3,2 metros de altura en la que una gacela aparece a los pies de un le\u00f3n]. Jam\u00e1s imagin\u00e9 que aqu\u00e9lla ser\u00eda nuestra \u00faltima conversaci\u00f3n<\/em>\u00ab, dice Walid.<\/p>\n<p>En las jornadas que sucedieron a la conquista del Estado Isl\u00e1mico [IS en sus siglas en ingl\u00e9s], <strong>Khaled Asaad<\/strong> pas\u00f3 unos d\u00edas en los calabozos, pero acabaron liber\u00e1ndolo. Fue precisamente unos d\u00edas despu\u00e9s de la visita que recuerda su hijo cuando el arque\u00f3logo regres\u00f3 a las mazmorras de la organizaci\u00f3n yihadista. Por aquel entonces parte de la familia a\u00fan resid\u00eda en la ciudad. \u00ab<em>Estuvo 27 d\u00edas confinado en una celda. No nos permitieron verle ni enviarle las medicinas que necesitaba. Nos advirtieron de que no se nos ocurriera abandonar el pueblo porque nos necesitaban para ayudarles a excavar los tesoros de Palmira<\/em>\u00ab, evoca Walid, quien tambi\u00e9n sufri\u00f3 un interrogatorio de los militantes del IS.<\/p>\n<p>Sus \u00faltimos seres queridos dejaron la villa el 18 de agosto de 2015 cuando la noticia de la decapitaci\u00f3n del ex director del recinto monumental se hab\u00eda propagado por todos los rincones del pueblo. \u00ab<em>Varios familiares, entre ellos uno de mis hermanos, escaparon tras su asesinato. Nos reunimos con ellos fuera de la villa. Juntos emprendimos el camino hacia Raqqa [capital del califato proclamado por el IS] y all\u00ed pasamos cuatro d\u00edas escondidos porque era imposible recorrer la ruta hacia Homs sin caer en las garras del IS. Los vecinos nos contaron luego que el IS asalt\u00f3 nuestra casa dos horas despu\u00e9s de iniciar la huida<\/em>\u00ab, narra Walid.<\/p>\n<p>La familia, desperdigada hoy entre Damasco y Homs, a\u00fan no ha podido recuperar el cuerpo del arque\u00f3logo ni darle sepultura. En cambio, la figura del hombre que mim\u00f3 durante d\u00e9cadas un cruce de caminos de la vieja Ruta de la Seda ha recibido desde entonces homenajes a lo largo y ancho del planeta. \u00ab<em>Es un hombre que sirvi\u00f3 a la arqueolog\u00eda y dej\u00f3 su impronta en todos los monumentos de Palmira<\/em>\u00ab, reconoce a este diario su yerno, Jalil Hariri, que trabaj\u00f3 codo a codo en la conservaci\u00f3n del p\u00e1ramo. \u00ab<em>Todo lo que s\u00e9 se lo debo a \u00e9l<\/em>\u00ab, susurra.<\/p>\n<p>\u00ab<em>A diario el IS decapita y tortura a no pocos sirios. Lo que realmente hace \u00fanico a Al Asaad es haberse convertido en un s\u00edmbolo de la destrucci\u00f3n del patrimonio cultural sirio. Cuando velo su memoria tambi\u00e9n lo hago en nombre de los da\u00f1os que el conflicto ha ocasionado en nuestro legado<\/em>\u00ab, admite Amr al Azm, profesor de Historia y Antropolog\u00eda de Oriente Pr\u00f3ximo en la Universidad Shawnee de Ohio (EEUU). Al Azm intim\u00f3 con el difunto cuando era funcionario del departamento de Antig\u00fcedades sirio y dirig\u00eda la unidad de conservaci\u00f3n. \u00ab<em>Sol\u00eda visitar Palmira por asuntos de trabajo y Al Asaad era una instituci\u00f3n. Ning\u00fan compatriota conoc\u00eda el complejo como \u00e9l. Su muerte es una enorme p\u00e9rdida<\/em>\u00ab, a\u00f1ade el acad\u00e9mico.<\/p>\n<p>Desde su tr\u00e1gico desenlace, su erudici\u00f3n ha alimentado la leyenda de que -antes de padecer el calvario del IS- logr\u00f3 poner a buen recaudo una suerte de tesoro, con valiosas piezas de la colecci\u00f3n de Palmira. \u00ab<em>Le torturaron porque cre\u00edan que hab\u00eda escondido algunos objetos y le obligaron a confesar todo lo que sab\u00eda, pero la historia del tesoro no es cierta. Mi padre no guard\u00f3 nada e, incluso si lo hubiera hecho, lo habr\u00edan descubierto. Pasaron muchos meses en el recinto. Pusieron en marcha varias excavaciones y tocaron todo lo que les vino en gana<\/em>\u00ab, opina Walid. Y agrega: \u00ab<em>Los del IS son unos enfermos. Pensaron que en Palmira hab\u00eda tesoros de oro y ansiaban hallar diamantes y piedras preciosas<\/em>\u00ab.<\/p>\n<h2><strong>Khaled Asaad<\/strong>, Palmira y la obsesi\u00f3n por el oro de Daesh<\/h2>\n<p>\u00ab<em>Cada vez que el IS conquista un territorio, interroga a los arque\u00f3logos locales en busca de oro. Es su obsesi\u00f3n<\/em>\u00ab, recalca Al Azm, quien atribuye la historia de las supuestas alhajas a \u00abuna invenci\u00f3n de los medios de comunicaci\u00f3n\u00bb alimentada por las man\u00edas de los yihadistas. A su juicio, los ac\u00f3litos del IS recurren a las antig\u00fcedades con un doble objetivo: \u00ab<em>Expolian lo que son capaces de vender y destruyen aquello otro que pueden usar en sus v\u00eddeos propagand\u00edsticos<\/em>\u00ab.<\/p>\n<p>\u00ab<em><strong>No hay piezas escondidas<\/strong><\/em>\u00ab, confirma a este suplemento el jefe de antig\u00fcedades sirio Maamun Abdelkarim, embarcado desde fines de esta semana en la primera expedici\u00f3n a los vestigios de Palmira para evaluar las heridas propinadas por la dinamita de los yihadistas. \u00ab<em>Trasladamos<\/em> -estima- <em>el 90% de las estatuas y las piezas peque\u00f1as antes de que llegara el Daesh [acr\u00f3nimo en \u00e1rabe del IS]<\/em>\u00ab. En total, en los meses previos a la ca\u00edda de Palmira, unos 900 artefactos fueron empaquetados y enviados a Damasco a contrarreloj. \u00ab<em>Entre los objetos salvados, hay piezas de metal y barro consagradas al dios Bel [la deidad principal de Palmira junto al dios lunar Aglibol y al dios solar Yarhibol], as\u00ed como monedas antiguas y estatuas de mujeres y hombres de distintos tama\u00f1os<\/em>\u00ab, precisa Walid.<\/p>\n<p><strong>Khaled Asaad<\/strong> fue uno de los art\u00edfices de la laboriosa y veloz mudanza. \u00ab<em>Nos ayud\u00f3 como asesor valorando las piezas que hab\u00eda que salvar y descartando aqu\u00e9llas que no resultaban prioritarias<\/em>\u00ab, reconoce su v\u00e1stago, que ha logrado salvar parte de la memoria gr\u00e1fica de las delegaciones extranjeras para las que Al Asaad hac\u00eda de sol\u00edcito embajador.<\/p>\n<p><img decoding=\"async\" class=\"aligncenter wp-image-836 size-full\" src=\"https:\/\/www.historiayarqueologia.net\/wp-content\/uploads\/Khaled-Asaad-Palmira2.jpg\" alt=\"Khaled Asaad\" width=\"660\" height=\"371\" srcset=\"https:\/\/www.historiayarqueologia.net\/wp-content\/uploads\/Khaled-Asaad-Palmira2.jpg 660w, https:\/\/www.historiayarqueologia.net\/wp-content\/uploads\/Khaled-Asaad-Palmira2-300x169.jpg 300w\" sizes=\"(max-width: 660px) 100vw, 660px\" \/><\/p>\n<p>En el archivo, aparecen varias instant\u00e1neas de la visita que en octubre de 2003 realizaron los entonces reyes de Espa\u00f1a, Juan Carlos I y Sof\u00eda, acompa\u00f1ados por Bashar Asad y su esposa, Asma. En las fotos, <strong>Khaled Asaad<\/strong> \u00abel guardi\u00e1n del recinto\u00bb mantiene una animada conversaci\u00f3n con sus hu\u00e9spedes.<\/p>\n<p>Los \u00faltimos 10 meses han trastocado para siempre la faz de la atracci\u00f3n tur\u00edstica de Siria que, tras siglos de abandono, redescubrieron unos mercaderes brit\u00e1nicos en 1678 y cuyas 50 hect\u00e1reas comenzaron a auscultar las misiones europeas y estadounidenses el siglo pasado. Durante la desgraciada estancia del IS, el grupo ha reducido a escombros los templos de Bel o Baal Shamin y el arco del Triunfo.<\/p>\n<p>En cambio, el anfiteatro romano -escenario del v\u00eddeo difundido en julio pasado con la ejecuci\u00f3n de 25 soldados del r\u00e9gimen-, la ciudadela o la gran columnata han vencido a los extremistas. \u00abEl 80% de los monumentos ha resistido bien el paso del IS\u00bb, afirma Abdelkarim. \u00ab<em>Haremos lo imposible<\/em> -agrega- <em>para concluir este mismo a\u00f1o la evaluaci\u00f3n de los da\u00f1os. Una vez que tengamos el visto bueno de la Unesco, nos llevar\u00e1 otros cinco a\u00f1os restaurar el complejo, pero necesitamos un clima de paz y el apoyo internacional. Palmira es patrimonio de toda la Humanidad<\/em>\u00ab.<\/p>\n<p>La tragedia de quien fuera su centinela ha elevado su biograf\u00eda al pante\u00f3n de los h\u00e9roes. \u00ab<em>Rechaz\u00f3 ser s\u00fabdito del IS y pereci\u00f3 como un m\u00e1rtir. Es el m\u00e1rtir de los monumentos de Siria<\/em>\u00ab, proclama el m\u00e1ximo responsable del patrimonio del pa\u00eds \u00e1rabe.<\/p>\n<h2>La explotaci\u00f3n del r\u00e9gimen<\/h2>\n<p>Protagonista de innumerables tributos dentro y fuera de su patria, Khaled Asaad es tambi\u00e9n un salvavidas para Bashar Asad. \u00ab<em>El r\u00e9gimen est\u00e1 explotando su muerte y la destrucci\u00f3n de Palmira en su propio beneficio. Es parte de una campa\u00f1a para rehabilitar a Damasco con la ayuda de Rusia, una t\u00e1ctica que nadie deber\u00eda comprar. Quieren preparar el terreno para las pr\u00f3ximas negociaciones en Ginebra. Recordando el calvario de Al Asaad buscan obligar a los gobiernos europeos a reanudar los lazos con el r\u00e9gimen como si fuera el \u00fanico aliado contra el IS y el flujo migratorio<\/em>\u00ab, denuncia Al Azm. \u00ab<em>El IS<\/em> -advierte- <em>no ha sido la \u00fanica parte en liza que ha destruido sistem\u00e1ticamente el patrimonio sirio. Tambi\u00e9n lo han da\u00f1ado el r\u00e9gimen sirio, los bombardeos de Rusia y de la coalici\u00f3n internacional que lidera EEUU o las bandas dedicadas al saqueo<\/em>\u00ab.<\/p>\n<p>En honor del atribulado arque\u00f3logo, las autoridades sirias barruntan ya un homenaje que perviva en el terru\u00f1o al que el anciano entreg\u00f3 sus energ\u00edas. \u00ab<em>Hemos pensado fabricar el Arco del Triunfo usando la arqueolog\u00eda digital que nos ofrece la Universidad de Oxford. La r\u00e9plica se exhibir\u00e1 primero en Londres y Nueva York y luego viajar\u00e1 a Siria. Ser\u00e1 colocada en el lugar exacto donde Al Asaad fue decapitado<\/em>\u00ab, avanza Abdelkarim. \u00ab<em>Estamos hablando con su familia para que nos ceda su vivienda. Queremos convertirla en el museo que guarde la memoria del cient\u00edfico y amigo que padeci\u00f3 una muerte atroz por defender su pasi\u00f3n<\/em>\u00ab.<\/p>\n<p>Desde su refugio damasceno, Walid trata de mantener vivo el recuerdo del hombre que protegi\u00f3 Palmira lejos del campo de batalla. \u00ab<em>Era una persona muy humilde. Trataba a todo el mundo con respeto y compart\u00eda con ellos alegr\u00edas y dolores. Durante su vida rechaz\u00f3 una y otra vez ofertas para dirigir otros yacimientos. Nunca pens\u00f3 que tendr\u00eda un final como el que tuvo porque miraba la vida con optimismo y cierta ingenuidad. Por encima de todo, amaba Palmira<\/em>\u00ab.<\/p>\n<p><a href=\"https:\/\/www.elmundo.es\/cronica\/2016\/04\/13\/5708c73de2704e647d8b457c.html\" target=\"_blank\" rel=\"nofollow noopener\">Fuente<\/a><br \/>\nFRANCISCO CARRI\u00d3N<\/p>\n","protected":false},"excerpt":{"rendered":"<p>Khaled Asaad en Palmira formaba parte de la formidable geograf\u00eda de palacetes, templos, columnatas y torres que despuntaban en Palmira. Durante el \u00faltimo medio siglo Khaled Asaad se hab\u00eda entregado a la tarea de preservar \u00abla perla del desierto\u00bb, provisto de un tes\u00f3n tan extraordinario que se hab\u00eda convertido en una figura perenne en mitad [&hellip;]<\/p>\n","protected":false},"author":1,"featured_media":839,"comment_status":"open","ping_status":"closed","sticky":false,"template":"","format":"standard","meta":{"_jetpack_memberships_contains_paid_content":false,"footnotes":"","jetpack_publicize_message":"","jetpack_publicize_feature_enabled":true,"jetpack_social_post_already_shared":true,"jetpack_social_options":{"image_generator_settings":{"template":"highway","default_image_id":0,"font":"","enabled":false},"version":2}},"categories":[7],"tags":[84],"class_list":["post-831","post","type-post","status-publish","format-standard","has-post-thumbnail","hentry","category-noticias-arqueologia","tag-palmira"],"jetpack_publicize_connections":[],"jetpack_featured_media_url":"https:\/\/www.historiayarqueologia.net\/wp-content\/uploads\/Khaled-Asaad-Palmira-1.jpg","jetpack_sharing_enabled":true,"_links":{"self":[{"href":"https:\/\/www.historiayarqueologia.net\/index.php?rest_route=\/wp\/v2\/posts\/831","targetHints":{"allow":["GET"]}}],"collection":[{"href":"https:\/\/www.historiayarqueologia.net\/index.php?rest_route=\/wp\/v2\/posts"}],"about":[{"href":"https:\/\/www.historiayarqueologia.net\/index.php?rest_route=\/wp\/v2\/types\/post"}],"author":[{"embeddable":true,"href":"https:\/\/www.historiayarqueologia.net\/index.php?rest_route=\/wp\/v2\/users\/1"}],"replies":[{"embeddable":true,"href":"https:\/\/www.historiayarqueologia.net\/index.php?rest_route=%2Fwp%2Fv2%2Fcomments&post=831"}],"version-history":[{"count":7,"href":"https:\/\/www.historiayarqueologia.net\/index.php?rest_route=\/wp\/v2\/posts\/831\/revisions"}],"predecessor-version":[{"id":842,"href":"https:\/\/www.historiayarqueologia.net\/index.php?rest_route=\/wp\/v2\/posts\/831\/revisions\/842"}],"wp:featuredmedia":[{"embeddable":true,"href":"https:\/\/www.historiayarqueologia.net\/index.php?rest_route=\/wp\/v2\/media\/839"}],"wp:attachment":[{"href":"https:\/\/www.historiayarqueologia.net\/index.php?rest_route=%2Fwp%2Fv2%2Fmedia&parent=831"}],"wp:term":[{"taxonomy":"category","embeddable":true,"href":"https:\/\/www.historiayarqueologia.net\/index.php?rest_route=%2Fwp%2Fv2%2Fcategories&post=831"},{"taxonomy":"post_tag","embeddable":true,"href":"https:\/\/www.historiayarqueologia.net\/index.php?rest_route=%2Fwp%2Fv2%2Ftags&post=831"}],"curies":[{"name":"wp","href":"https:\/\/api.w.org\/{rel}","templated":true}]}}