{"id":818,"date":"2016-04-12T16:05:53","date_gmt":"2016-04-12T14:05:53","guid":{"rendered":"https:\/\/www.historiayarqueologia.net\/?p=818"},"modified":"2016-04-12T16:06:53","modified_gmt":"2016-04-12T14:06:53","slug":"catacumba-judia-vigna-randanini-roma","status":"publish","type":"post","link":"https:\/\/www.historiayarqueologia.net\/?p=818","title":{"rendered":"Reabierta la catacumba jud\u00eda de Vigna Randanini (Roma)"},"content":{"rendered":"<p>La antigua catacumba jud\u00eda de Roma de los primeros a\u00f1os de la di\u00e1spora abrir\u00e1 por primera vez al p\u00fablico en el marco de los festejos por el Jubileo de la Misericordia, convocado por el Papa Francisco.<\/p>\n<p><img fetchpriority=\"high\" decoding=\"async\" class=\"aligncenter size-full wp-image-819\" src=\"https:\/\/www.historiayarqueologia.net\/wp-content\/uploads\/catacumba-Vigna-Randanini.jpg\" alt=\"catacumba-Vigna-Randanini\" width=\"830\" height=\"315\" srcset=\"https:\/\/www.historiayarqueologia.net\/wp-content\/uploads\/catacumba-Vigna-Randanini.jpg 830w, https:\/\/www.historiayarqueologia.net\/wp-content\/uploads\/catacumba-Vigna-Randanini-300x114.jpg 300w, https:\/\/www.historiayarqueologia.net\/wp-content\/uploads\/catacumba-Vigna-Randanini-768x291.jpg 768w\" sizes=\"(max-width: 830px) 100vw, 830px\" \/><\/p>\n<p>La catacumba de <strong>Vigna Randanini<\/strong>, situada entre la Appia Antigua y la Appia Pignatelli, dos de las v\u00edas consulares que se expanden desde Roma abarcando todo el territorio italiano, se remonta a entre los siglos II\/IV de la era cristiana. Era conocida de arque\u00f3logos, espele\u00f3logos y estudiosos pero no por el p\u00fablico en general ya que se halla en medio de una propiedad privada y a diez metros de profundidad.<\/p>\n<p>La iniciativa de abrir el complejo funerario en algunos d\u00edas determinados, generalmente los primeros domingos del mes (primero de mayo y 5 de junio las primeras fechas), parte del Ministerio de Asuntos Culturales (MiBACT) y de la Superintendencia Arqueol\u00f3gica de Roma con el apoyo de la comunidad jud\u00eda.<\/p>\n<p>Con motivo del Jubileo, esta comunidad dispuso abrir algunos de sus sitios, habitualmente cerrados al p\u00fablico o de ingreso limitado, como la sinagoga de Ostia Antigua del siglo I o el Museo Jud\u00edo y el arco de Tito, que por celebrar la victoria del emperador romano sobre el pueblo jud\u00edo con la destrucci\u00f3n del Templo de Jerusal\u00e9n, es evitado por los israelitas. Ser\u00e1n visitas guiadas, acompa\u00f1adas por expertos y personal de seguridad, porque la catacumba es de dif\u00edcil acceso y a\u00fan m\u00e1s de tr\u00e1nsito pero, aparte de la novedad de admirar un monumento hasta ahora pr\u00e1cticamente invisible, existe tambi\u00e9n el atractivo de observar este d\u00e9dalo de cub\u00edculos, decorado con frescos que representan guirlandas de flores, palomas, pavos reales y palmas de d\u00e1tiles, adem\u00e1s del inevitable menorah (candelabro de siete brazos).<\/p>\n<p>Toda la Appia Antigua est\u00e1 sembrada de catacumbas, no en balde la llaman la \u00abciudad de los muertos\u00bb, la mayor parte cristianas, pero algunas tambi\u00e9n paganas mientras la de Vi\u00f1a Randanini es un ejemplo m\u00e1s \u00fanico que raro.<br \/>\nLa visita permitir\u00e1 apreciar la pac\u00edfica convivencia entre jud\u00edos, paganos y cristianos antes de que estos asumiesen el poder con el falso edicto del emperador Constantino, que asimilaba al cristianismo como religi\u00f3n de Estado, abriendo la persecuci\u00f3n contra unos y otros.<\/p>\n","protected":false},"excerpt":{"rendered":"<p>La antigua catacumba jud\u00eda de Roma de los primeros a\u00f1os de la di\u00e1spora abrir\u00e1 por primera vez al p\u00fablico en el marco de los festejos por el Jubileo de la Misericordia, convocado por el Papa Francisco. La catacumba de Vigna Randanini, situada entre la Appia Antigua y la Appia Pignatelli, dos de las v\u00edas consulares [&hellip;]<\/p>\n","protected":false},"author":1,"featured_media":819,"comment_status":"open","ping_status":"closed","sticky":false,"template":"","format":"standard","meta":{"_jetpack_memberships_contains_paid_content":false,"footnotes":"","jetpack_publicize_message":"Reabierta la catacumba jud\u00eda de Vigna Randanini (Roma)","jetpack_publicize_feature_enabled":true,"jetpack_social_post_already_shared":true,"jetpack_social_options":{"image_generator_settings":{"template":"highway","default_image_id":0,"font":"","enabled":false},"version":2}},"categories":[7],"tags":[82,83],"class_list":["post-818","post","type-post","status-publish","format-standard","has-post-thumbnail","hentry","category-noticias-arqueologia","tag-roma","tag-vaticano"],"jetpack_publicize_connections":[],"jetpack_featured_media_url":"https:\/\/www.historiayarqueologia.net\/wp-content\/uploads\/catacumba-Vigna-Randanini.jpg","jetpack_sharing_enabled":true,"_links":{"self":[{"href":"https:\/\/www.historiayarqueologia.net\/index.php?rest_route=\/wp\/v2\/posts\/818","targetHints":{"allow":["GET"]}}],"collection":[{"href":"https:\/\/www.historiayarqueologia.net\/index.php?rest_route=\/wp\/v2\/posts"}],"about":[{"href":"https:\/\/www.historiayarqueologia.net\/index.php?rest_route=\/wp\/v2\/types\/post"}],"author":[{"embeddable":true,"href":"https:\/\/www.historiayarqueologia.net\/index.php?rest_route=\/wp\/v2\/users\/1"}],"replies":[{"embeddable":true,"href":"https:\/\/www.historiayarqueologia.net\/index.php?rest_route=%2Fwp%2Fv2%2Fcomments&post=818"}],"version-history":[{"count":1,"href":"https:\/\/www.historiayarqueologia.net\/index.php?rest_route=\/wp\/v2\/posts\/818\/revisions"}],"predecessor-version":[{"id":820,"href":"https:\/\/www.historiayarqueologia.net\/index.php?rest_route=\/wp\/v2\/posts\/818\/revisions\/820"}],"wp:featuredmedia":[{"embeddable":true,"href":"https:\/\/www.historiayarqueologia.net\/index.php?rest_route=\/wp\/v2\/media\/819"}],"wp:attachment":[{"href":"https:\/\/www.historiayarqueologia.net\/index.php?rest_route=%2Fwp%2Fv2%2Fmedia&parent=818"}],"wp:term":[{"taxonomy":"category","embeddable":true,"href":"https:\/\/www.historiayarqueologia.net\/index.php?rest_route=%2Fwp%2Fv2%2Fcategories&post=818"},{"taxonomy":"post_tag","embeddable":true,"href":"https:\/\/www.historiayarqueologia.net\/index.php?rest_route=%2Fwp%2Fv2%2Ftags&post=818"}],"curies":[{"name":"wp","href":"https:\/\/api.w.org\/{rel}","templated":true}]}}