{"id":741,"date":"2016-04-10T13:02:33","date_gmt":"2016-04-10T11:02:33","guid":{"rendered":"https:\/\/www.historiayarqueologia.net\/?p=741"},"modified":"2016-04-10T13:56:43","modified_gmt":"2016-04-10T11:56:43","slug":"oscar-fabrega-nuevo-libro-la-vida-jesus-desde-una-perspectiva-esceptica-racional","status":"publish","type":"post","link":"https:\/\/www.historiayarqueologia.net\/?p=741","title":{"rendered":"\u00d3scar F\u00e1brega y su nuevo libro: La vida de Jes\u00fas desde una perspectiva esc\u00e9ptica y racional"},"content":{"rendered":"<p><strong>\u00d3scar F\u00e1brega<\/strong>, el historiador, investigador y escritor almeriense, nos revela en una entrevista realizada por <a href=\"https:\/\/www.facebook.com\/alberto.cerezuela.1\" target=\"_blank\" rel=\"nofollow noopener\">Alberto Cerezuela<\/a> para <em>La voz de Almer\u00eda<\/em>, el \u00faltimo trabajo en el que lleva trabajando cerca de 4 a\u00f1os: <em>\u201c<strong>Voy a abordar la vida de Jes\u00fas de Nazaret desde una perspectiva esc\u00e9ptica y racional\u201d.<\/strong><\/em><\/p>\n<figure id=\"attachment_742\" aria-describedby=\"caption-attachment-742\" style=\"width: 794px\" class=\"wp-caption aligncenter\"><img fetchpriority=\"high\" decoding=\"async\" class=\"wp-image-742 size-full\" src=\"https:\/\/www.historiayarqueologia.net\/wp-content\/uploads\/oscar-fabrega-libro-jesus.jpg\" alt=\"\u00d3scar F\u00e1brega\" width=\"794\" height=\"314\" srcset=\"https:\/\/www.historiayarqueologia.net\/wp-content\/uploads\/oscar-fabrega-libro-jesus.jpg 794w, https:\/\/www.historiayarqueologia.net\/wp-content\/uploads\/oscar-fabrega-libro-jesus-300x119.jpg 300w, https:\/\/www.historiayarqueologia.net\/wp-content\/uploads\/oscar-fabrega-libro-jesus-768x304.jpg 768w\" sizes=\"(max-width: 794px) 100vw, 794px\" \/><figcaption id=\"caption-attachment-742\" class=\"wp-caption-text\">\u00d3scar F\u00e1brega, <strong>ganador del Primer Premio de la Editorial Tagus de La casa de libro<\/strong> con su gran trabajo sobre el misterio de Rennes-le-Ch\u00e2teau titulado \u00abProhibido excavar en este pueblo\u00bb<\/figcaption><\/figure>\n<p>&nbsp;<\/p>\n<p>Puedes seguir a \u00d3scar F\u00e1brega desde su facebook haciendo <a href=\"https:\/\/www.facebook.com\/oskarele\" target=\"_blank\" rel=\"nofollow noopener\">CLICK AQU\u00cd<\/a><\/p>\n<p>Puedes conseguir el libro de <strong>Prohibido excavar en este pueblo<\/strong> haciendo <a href=\"https:\/\/www.casadellibro.com\/libro-prohibido-excavar-en-este-pueblo\/9788408133889\/2375177\" target=\"_blank\" rel=\"nofollow noopener\">CLICK AQU\u00cd<\/a><\/p>\n<p>&nbsp;<\/p>\n<hr \/>\n<h2>\u00a0\u00d3scar F\u00e1brega: Entrevista intregra de \u00abLa voz de Almer\u00eda\u00bb 10\/04\/2016<\/h2>\n<p>Aunque naci\u00f3 en Almer\u00eda (en 1976), pas\u00f3 parte de su infancia en Ja\u00e9n, para acabar regresando, hace casi treinta a\u00f1os, a su tierra natal. Aqu\u00ed, en el corz\u00f3n del Poniente, se estableci\u00f3, se cas\u00f3, y escribi\u00f3 su primer libro, \u201cProhibido excavar en este pueblo\u201d, un \u00e9xito de ventas que fue publicado por Planeta en el a\u00f1o 2014. Actualmente, prepara la edici\u00f3n de su segundo libro.<\/p>\n<p><strong>Ahora que han pasado casi dos a\u00f1os desde la publicaci\u00f3n de tu primer libro, \u00bfpensabas que iba a tener ese \u00e9xito?<\/strong><br \/>\n-Ni en mis mejores sue\u00f1os. El libro lo escrib\u00ed sin la m\u00e1s m\u00ednima ambici\u00f3n. S\u00f3lo quer\u00eda contar y difundir una historia de misterios y mentiras fascinante en la que llevaba a\u00f1os trabajando. Pero todo sali\u00f3 a pedir de boca. Una cosa llev\u00f3 a la otra y acab\u00f3 siendo un \u00e9xito. Nunca podr\u00e9 estar suficientemente agradecido a todos los que me apoyaron en esta locura, entre los que, sin duda, te incluyo.<\/p>\n<p><strong>[pullquote]\u201cVoy a abordar la vida de Jes\u00fas de Nazaret desde una perspectiva esc\u00e9ptica y racional\u201d.[\/pullquote]<\/strong> <strong>Y pronto se publicar\u00e1 tu segunda obra. \u00bfPuedes adelantarnos en primicia algo sobre el tema que vas a tratar?<\/strong><br \/>\n-(R\u00ede). Bueno, porque eres t\u00fa. Se trata, de nuevo, de un ensayo, aunque mucho m\u00e1s ambicioso que el primero. En esta ocasi\u00f3n he decidido abordar, desde mi perspectiva racional y esc\u00e9ptica, la vida y obra de Jes\u00fas de Nazaret, centr\u00e1ndome en qu\u00e9 hay de verdad en torno al personaje y en las decenas de propuestas, unas m\u00e1s atrevidas que otras, que se han hecho en los \u00faltimos siglos. Pero siempre, siguiendo mi t\u00f3nica habitual de ser tan riguroso en el contenido como ameno en la forma.<\/p>\n<p><strong>\u00bfQu\u00e9 es eso de \u2018Aprende a pensar\u2019?<\/strong><br \/>\n-Se trata de un proyecto que me tiene totalmente enamorado. Estoy coordinando la redacci\u00f3n de un libro de filosof\u00eda que est\u00e1n escribiendo un grupo de trece adolescentes, de entre catorce y diecis\u00e9is a\u00f1os, del Instituto Carmen de Burgos de Hu\u00e9rcal de Almer\u00eda. Trataran los temas que ellos mismos han elegido y, espero, ser\u00e1 tan \u00fatil para los propios adolescentes que lo lean, como para sus padres y sus profesores.<\/p>\n<p><strong>\u00bfC\u00f3mo lo est\u00e1is confeccionando?<\/strong><br \/>\n-Por un lado, durante tres meses hemos estado hablando, filosofando, sobre los temas en cuesti\u00f3n. Ahora, cuando ya est\u00e1n, a mi entender, suficientemente formados para el reto, han comenzado a escribir. La forma de trabajo es sencilla: yo les planteo preguntas sobre los dieciocho temas, y ellos las responden. Y as\u00ed. Te asombrar\u00eda leer lo que est\u00e1n escribiendo.<strong><img decoding=\"async\" class=\"size-full wp-image-748 aligncenter\" src=\"https:\/\/www.historiayarqueologia.net\/wp-content\/uploads\/oscar-fabrega-aprende-a-pensar.jpg\" alt=\"oscar-fabrega-aprende-a-pensar\" width=\"600\" height=\"337\" srcset=\"https:\/\/www.historiayarqueologia.net\/wp-content\/uploads\/oscar-fabrega-aprende-a-pensar.jpg 600w, https:\/\/www.historiayarqueologia.net\/wp-content\/uploads\/oscar-fabrega-aprende-a-pensar-300x169.jpg 300w\" sizes=\"(max-width: 600px) 100vw, 600px\" \/><\/strong><\/p>\n<p><strong>\u00bfQu\u00e9 temas toc\u00e1is en el proyecto?<\/strong><br \/>\n-(R\u00ede). \u00a1Ser\u00e1 por temas!\u2008Hay para todos los gustos. Algunos tienen mucho que ver con su d\u00eda a d\u00eda, como el bullying, las tribus urbanas, la moda y la est\u00e9tica, la homofobia o el machismo; pero otros temas son netamente filos\u00f3ficos, como la existencia de Dios, el sentido de la vida, la amistad, los sentimientos, la violencia.<\/p>\n<p><strong>Tengo entendido que vais a donar todos los beneficios del libro.<\/strong><br \/>\n-Efectivamente, aunque a\u00fan no sabemos ni c\u00f3mo lo vamos a publicar, ni cu\u00e1ndo. Pero s\u00ed tenemos claro que todo lo que se gane con el libro ir\u00e1 destinado a la labor social que los chicos y chicas del proyecto decidan. Ten\u00eda que ser as\u00ed.<\/p>\n<p><strong>\u00bfCon todo eso sacas tiempo para vivir?<\/strong><br \/>\n-Poco, porque, desafortunadamente, trabajo. Recuerdo que el otro d\u00eda le preguntabas a Mar\u00eda Villal\u00f3n sobre lo dif\u00edcil que es ganarse la vida como cantante. Ni te cuento lo dif\u00edcil que es gan\u00e1rsela escribiendo libros, como t\u00fa bien sabes. As\u00ed que, adem\u00e1s de escribir y de todos estos talleres, tengo que buscarme la vida y trabajar. Aunque, como soy aut\u00f3nomo, y mi trabajo se centra sobre todo en verano, dispongo de varios meses de tranquilidad que me permiten dedicarme a otros intereses.<\/p>\n<p><strong>Aunque te criaste en Ja\u00e9n, y pese a que toda tu familia vive all\u00ed, sigues viviendo en el Poniente.<\/strong><br \/>\n-S\u00ed, por un lado, porque amo esta tierra. Puede parecer un t\u00f3pico, pero como vivimos aqu\u00ed, en el Poniente de Almer\u00eda, no se vive en ning\u00fan lado. Y no s\u00f3lo por el clima tan ben\u00e9volo, sino por las playas, las gentes\u2026 y la comida, que soy de muy buen comer. Adem\u00e1s, aqu\u00ed conoc\u00ed a la mujer de mi vida. \u00bfQu\u00e9 m\u00e1s se puede pedir?<\/p>\n<p><strong>Dentro de poco comienza la Feria del Libro de El Ejido, y creo que nunca has estado. \u00bfPodremos verte este a\u00f1o por aqu\u00ed?<\/strong><br \/>\n-Puede ser, me encantar\u00eda estar alg\u00fan d\u00eda por all\u00ed para firmar unos libros a los que se atrevan a sumergirse en los misterios de Rennes. Ser\u00eda todo un honor. Adem\u00e1s, ya present\u00e9 en El Ejido y me recibieron muy bien.<\/p>\n<p><img decoding=\"async\" class=\"aligncenter size-full wp-image-756\" src=\"https:\/\/www.historiayarqueologia.net\/wp-content\/uploads\/oscar-fabrega-libro-jesus1.jpg\" alt=\"oscar-fabrega-libro-jesus1\" width=\"960\" height=\"712\" srcset=\"https:\/\/www.historiayarqueologia.net\/wp-content\/uploads\/oscar-fabrega-libro-jesus1.jpg 960w, https:\/\/www.historiayarqueologia.net\/wp-content\/uploads\/oscar-fabrega-libro-jesus1-300x223.jpg 300w, https:\/\/www.historiayarqueologia.net\/wp-content\/uploads\/oscar-fabrega-libro-jesus1-768x570.jpg 768w\" sizes=\"(max-width: 960px) 100vw, 960px\" \/><\/p>\n<p>Fuente: <a href=\"https:\/\/www.lavozdealmeria.es\/Noticias\/104143\/68\/%E2%80%9CVoy-a-abordar-la-vida-de-Jes%C3%BAs-de-Nazaret-desde-una-perspectiva-esc%C3%A9ptica-y-racional%E2%80%9D\" target=\"_blank\" rel=\"nofollow noopener\">La voz de Almer\u00eda<\/a><\/p>\n","protected":false},"excerpt":{"rendered":"<p>\u00d3scar F\u00e1brega, el historiador, investigador y escritor almeriense, nos revela en una entrevista realizada por Alberto Cerezuela para La voz de Almer\u00eda, el \u00faltimo trabajo en el que lleva trabajando cerca de 4 a\u00f1os: \u201cVoy a abordar la vida de Jes\u00fas de Nazaret desde una perspectiva esc\u00e9ptica y racional\u201d. &nbsp; Puedes seguir a \u00d3scar F\u00e1brega [&hellip;]<\/p>\n","protected":false},"author":1,"featured_media":742,"comment_status":"open","ping_status":"closed","sticky":false,"template":"","format":"standard","meta":{"_jetpack_memberships_contains_paid_content":false,"footnotes":"","jetpack_publicize_message":"","jetpack_publicize_feature_enabled":true,"jetpack_social_post_already_shared":true,"jetpack_social_options":{"image_generator_settings":{"template":"highway","default_image_id":0,"font":"","enabled":false},"version":2}},"categories":[7],"tags":[],"class_list":["post-741","post","type-post","status-publish","format-standard","has-post-thumbnail","hentry","category-noticias-arqueologia"],"jetpack_publicize_connections":[],"jetpack_featured_media_url":"https:\/\/www.historiayarqueologia.net\/wp-content\/uploads\/oscar-fabrega-libro-jesus.jpg","jetpack_sharing_enabled":true,"_links":{"self":[{"href":"https:\/\/www.historiayarqueologia.net\/index.php?rest_route=\/wp\/v2\/posts\/741","targetHints":{"allow":["GET"]}}],"collection":[{"href":"https:\/\/www.historiayarqueologia.net\/index.php?rest_route=\/wp\/v2\/posts"}],"about":[{"href":"https:\/\/www.historiayarqueologia.net\/index.php?rest_route=\/wp\/v2\/types\/post"}],"author":[{"embeddable":true,"href":"https:\/\/www.historiayarqueologia.net\/index.php?rest_route=\/wp\/v2\/users\/1"}],"replies":[{"embeddable":true,"href":"https:\/\/www.historiayarqueologia.net\/index.php?rest_route=%2Fwp%2Fv2%2Fcomments&post=741"}],"version-history":[{"count":13,"href":"https:\/\/www.historiayarqueologia.net\/index.php?rest_route=\/wp\/v2\/posts\/741\/revisions"}],"predecessor-version":[{"id":757,"href":"https:\/\/www.historiayarqueologia.net\/index.php?rest_route=\/wp\/v2\/posts\/741\/revisions\/757"}],"wp:featuredmedia":[{"embeddable":true,"href":"https:\/\/www.historiayarqueologia.net\/index.php?rest_route=\/wp\/v2\/media\/742"}],"wp:attachment":[{"href":"https:\/\/www.historiayarqueologia.net\/index.php?rest_route=%2Fwp%2Fv2%2Fmedia&parent=741"}],"wp:term":[{"taxonomy":"category","embeddable":true,"href":"https:\/\/www.historiayarqueologia.net\/index.php?rest_route=%2Fwp%2Fv2%2Fcategories&post=741"},{"taxonomy":"post_tag","embeddable":true,"href":"https:\/\/www.historiayarqueologia.net\/index.php?rest_route=%2Fwp%2Fv2%2Ftags&post=741"}],"curies":[{"name":"wp","href":"https:\/\/api.w.org\/{rel}","templated":true}]}}