{"id":734,"date":"2016-04-10T11:20:12","date_gmt":"2016-04-10T09:20:12","guid":{"rendered":"https:\/\/www.historiayarqueologia.net\/?p=734"},"modified":"2016-04-10T11:20:12","modified_gmt":"2016-04-10T09:20:12","slug":"descubierta-primera-tumba-rey-mexica","status":"publish","type":"post","link":"https:\/\/www.historiayarqueologia.net\/?p=734","title":{"rendered":"\u00bfDescubierta la primera tumba de un rey Mexica?"},"content":{"rendered":"<p>La primera tumba de un rey mexica pudiera estar muy cerca de ser descubierta en la zona arqueol\u00f3gica del Templo Mayor.<\/p>\n<p><img fetchpriority=\"high\" decoding=\"async\" class=\"aligncenter wp-image-737 size-large\" src=\"https:\/\/www.historiayarqueologia.net\/wp-content\/uploads\/Cuauhxicalco-tunel-templo-mayor1-1024x548.jpg\" alt=\"Cuauhxicalco-tunel-templo-mayor1\" width=\"684\" height=\"366\" srcset=\"https:\/\/www.historiayarqueologia.net\/wp-content\/uploads\/Cuauhxicalco-tunel-templo-mayor1-1024x548.jpg 1024w, https:\/\/www.historiayarqueologia.net\/wp-content\/uploads\/Cuauhxicalco-tunel-templo-mayor1-300x160.jpg 300w, https:\/\/www.historiayarqueologia.net\/wp-content\/uploads\/Cuauhxicalco-tunel-templo-mayor1-768x411.jpg 768w, https:\/\/www.historiayarqueologia.net\/wp-content\/uploads\/Cuauhxicalco-tunel-templo-mayor1.jpg 1417w\" sizes=\"(max-width: 684px) 100vw, 684px\" \/><\/p>\n<p>Es en la plataforma circular conocida como Cuauhxicalco, en la que se encontr\u00f3 un t\u00fanel donde investigadores del Instituto Nacional de Antropolog\u00eda e Historia (INAH) presumen que estar\u00eda una c\u00e1mara funeraria de alg\u00fan gobernante mexica, dijo Eduardo Matos Moctezuma.<\/p>\n<p><img decoding=\"async\" class=\"aligncenter size-full wp-image-738\" src=\"https:\/\/www.historiayarqueologia.net\/wp-content\/uploads\/Cuauhxicalco-tunel-templo-mayor2.jpg\" alt=\"Cuauhxicalco-tunel-templo-mayor2\" width=\"794\" height=\"314\" srcset=\"https:\/\/www.historiayarqueologia.net\/wp-content\/uploads\/Cuauhxicalco-tunel-templo-mayor2.jpg 794w, https:\/\/www.historiayarqueologia.net\/wp-content\/uploads\/Cuauhxicalco-tunel-templo-mayor2-300x119.jpg 300w, https:\/\/www.historiayarqueologia.net\/wp-content\/uploads\/Cuauhxicalco-tunel-templo-mayor2-768x304.jpg 768w\" sizes=\"(max-width: 794px) 100vw, 794px\" \/><\/p>\n<p>El arque\u00f3logo ofreci\u00f3 el jueves por la noche la conferencia \u201cHallazgos recientes en el Templo Mayor\u201d en el auditorio del Museo de Historia Mexicana, donde explic\u00f3 parte del hallazgo hecho por especialistas del INAH, que se dio a conocer a finales de noviembre pasado en la Ciudad de M\u00e9xico.<\/p>\n<p><em>\u201cLeonardo L\u00f3pez Luj\u00e1n encontr\u00f3 un t\u00fanel que entra a \u00e9l (al Cuauhxicalco). Ese t\u00fanel al final tiene huellas de lo que pueden ser dos accesos\u201d<\/em>, expres\u00f3 Matos Moctezuma.<\/p>\n<p><em>\u201cSe tiene la idea de que esos dos accesos pudieran ser tumbas de algunos de los gobernantes mexicas\u201d.<\/em><em>[pullquote]<strong>ser\u00eda la primera vez que se encuentra una tumba real mexica. No se ha excavado, se piensa posiblemente trabajarlas este a\u00f1o para ver realmente de qu\u00e9 trata ese t\u00fanel y esas dos huellas que est\u00e1n al fondo\u201d.<\/strong>[\/pullquote]<\/em><\/p>\n<p>La charla gener\u00f3 el inter\u00e9s del p\u00fablico -entre el que se encontraba Fernando Elizondo, Coordinador Ejecutivo Estatal- que llen\u00f3 el auditorio e incluso sigui\u00f3 los comentarios del especialista en el lobby del museo donde se colocaron sillas y una pantalla.<\/p>\n<p>El fundador del Museo del Templo Mayor y creador del Programa de Arqueolog\u00eda Urbana mencion\u00f3 que el edificio, decorado con cabezas de serpiente, es importante porque seg\u00fan las cr\u00f3nicas del siglo 16, ah\u00ed se enterraba a algunos gobernantes aztecas como Axay\u00e1catl o Tizoc.<\/p>\n<p><em>\u201cDe ser as\u00ed (que lleguen a estar enterrados), ser\u00eda la primera vez que se encuentra una tumba real mexica. No se ha excavado, se piensa posiblemente trabajarlas este a\u00f1o para ver realmente de qu\u00e9 trata ese t\u00fanel y esas dos huellas que est\u00e1n al fondo\u201d.<br \/>\n<\/em><\/p>\n<p>Matos Moctezuma tambi\u00e9n habl\u00f3 en la charla sobre las investigaciones y otros descubrimientos que han hecho en el Templo Mayor desde que en 1978 inici\u00f3 el proyecto arqueol\u00f3gico con el hallazgo de la piedra de la Diosa de la Luna, Coyolxauhqui.<\/p>\n","protected":false},"excerpt":{"rendered":"<p>La primera tumba de un rey mexica pudiera estar muy cerca de ser descubierta en la zona arqueol\u00f3gica del Templo Mayor. Es en la plataforma circular conocida como Cuauhxicalco, en la que se encontr\u00f3 un t\u00fanel donde investigadores del Instituto Nacional de Antropolog\u00eda e Historia (INAH) presumen que estar\u00eda una c\u00e1mara funeraria de alg\u00fan gobernante [&hellip;]<\/p>\n","protected":false},"author":1,"featured_media":735,"comment_status":"open","ping_status":"closed","sticky":false,"template":"","format":"standard","meta":{"_jetpack_memberships_contains_paid_content":false,"footnotes":"","jetpack_publicize_message":"","jetpack_publicize_feature_enabled":true,"jetpack_social_post_already_shared":true,"jetpack_social_options":{"image_generator_settings":{"template":"highway","default_image_id":0,"font":"","enabled":false},"version":2}},"categories":[2],"tags":[],"class_list":["post-734","post","type-post","status-publish","format-standard","has-post-thumbnail","hentry","category-edad-media"],"jetpack_publicize_connections":[],"jetpack_featured_media_url":"https:\/\/www.historiayarqueologia.net\/wp-content\/uploads\/Cuauhxicalco-tunel-templo-mayor.jpg","jetpack_sharing_enabled":true,"_links":{"self":[{"href":"https:\/\/www.historiayarqueologia.net\/index.php?rest_route=\/wp\/v2\/posts\/734","targetHints":{"allow":["GET"]}}],"collection":[{"href":"https:\/\/www.historiayarqueologia.net\/index.php?rest_route=\/wp\/v2\/posts"}],"about":[{"href":"https:\/\/www.historiayarqueologia.net\/index.php?rest_route=\/wp\/v2\/types\/post"}],"author":[{"embeddable":true,"href":"https:\/\/www.historiayarqueologia.net\/index.php?rest_route=\/wp\/v2\/users\/1"}],"replies":[{"embeddable":true,"href":"https:\/\/www.historiayarqueologia.net\/index.php?rest_route=%2Fwp%2Fv2%2Fcomments&post=734"}],"version-history":[{"count":2,"href":"https:\/\/www.historiayarqueologia.net\/index.php?rest_route=\/wp\/v2\/posts\/734\/revisions"}],"predecessor-version":[{"id":740,"href":"https:\/\/www.historiayarqueologia.net\/index.php?rest_route=\/wp\/v2\/posts\/734\/revisions\/740"}],"wp:featuredmedia":[{"embeddable":true,"href":"https:\/\/www.historiayarqueologia.net\/index.php?rest_route=\/wp\/v2\/media\/735"}],"wp:attachment":[{"href":"https:\/\/www.historiayarqueologia.net\/index.php?rest_route=%2Fwp%2Fv2%2Fmedia&parent=734"}],"wp:term":[{"taxonomy":"category","embeddable":true,"href":"https:\/\/www.historiayarqueologia.net\/index.php?rest_route=%2Fwp%2Fv2%2Fcategories&post=734"},{"taxonomy":"post_tag","embeddable":true,"href":"https:\/\/www.historiayarqueologia.net\/index.php?rest_route=%2Fwp%2Fv2%2Ftags&post=734"}],"curies":[{"name":"wp","href":"https:\/\/api.w.org\/{rel}","templated":true}]}}