{"id":538,"date":"2016-03-29T22:09:55","date_gmt":"2016-03-29T20:09:55","guid":{"rendered":"https:\/\/www.historiayarqueologia.net\/?p=538"},"modified":"2016-03-29T22:09:55","modified_gmt":"2016-03-29T20:09:55","slug":"mosaico-sant-antoni-calonge","status":"publish","type":"post","link":"https:\/\/www.historiayarqueologia.net\/?p=538","title":{"rendered":"Mosaico romano descubierto en Sant Antoni de Calonge"},"content":{"rendered":"<p><img fetchpriority=\"high\" decoding=\"async\" class=\"aligncenter wp-image-539 size-full\" title=\"mosaico romano\" src=\"https:\/\/www.historiayarqueologia.net\/wp-content\/uploads\/Collet-Lluis-Palahi.jpg\" alt=\"mosaico romano\" width=\"815\" height=\"330\" srcset=\"https:\/\/www.historiayarqueologia.net\/wp-content\/uploads\/Collet-Lluis-Palahi.jpg 815w, https:\/\/www.historiayarqueologia.net\/wp-content\/uploads\/Collet-Lluis-Palahi-300x121.jpg 300w, https:\/\/www.historiayarqueologia.net\/wp-content\/uploads\/Collet-Lluis-Palahi-768x311.jpg 768w\" sizes=\"(max-width: 815px) 100vw, 815px\" \/><br \/>\nArque\u00f3logos de la Universidad de Girona (UdG) hallaron un mosaico decorado con los colores blanco, negro y rojo que data de siglo II d.C. en la villa romana del Collet de Sant Antoni Calonge (Girona).<\/p>\n<p>Seg\u00fan los arque\u00f3logos dirigidos por <strong>Llu\u00eds Palah\u00ed<\/strong>, el mosaico formaba parte de una gran \u00abDomus\u00bb, cuyo due\u00f1o ser\u00eda un reconocido alfarero dedicado a la manufactura de \u00e1nforas para el transporte y comercializaci\u00f3n de vino.<\/p>\n<p>El descubrimiento es fruto de la 2\u00aa campa\u00f1a de excavaciones que se realiza en este lugar y que empez\u00f3 el 22 de febrero. Se tratar\u00eda de un lugar habitado desde el siglo I aC hasta el V d.C.<\/p>\n<p>El origen de la villa se remonta a \u00e9poca republicana (siglo I aC). Al parecer empez\u00f3 como un gran edificio residencial con estancias para la fabricaci\u00f3n de \u00e1nforas, en estos lugares se han hallado fragmentos de grandes jarras de almacenamiento (dol\u00eda) y un peque\u00f1o horno. En \u00e9poca imperial (siglo I dC), el edificio parece sufrir una gran remodelaci\u00f3n, la f\u00e1brica se traslad\u00f3 a un sector situado a los pies de la colina y el espacio dejado pas\u00f3 a ser parte de la residencia.<\/p>\n<p>Hace algunos unos a\u00f1os se logr\u00f3 recuperar una importante cantidad de alfarer\u00eda romana que se encontraba en este segundo emplazamiento. El lugar ahora estudiado por el equipo de arque\u00f3logos formaba parte de la residencia del due\u00f1o de la alfarer\u00eda y contaba con un patio porticado central con varias estancias en levante y mediod\u00eda. En el a\u00f1o 2015 se encontraron varias teselas sueltas, evidencias de la existencia de pavimentos de mosaico. El hallazgo en la campa\u00f1a de este a\u00f1o confirma la importancia y lujo que la villa deb\u00eda alcanz\u00f3 en algunos momentos de su historia.<\/p>\n<p>En la campa\u00f1a de este a\u00f1o participan 9 estudiantes de postgrado y m\u00e1sters de la Universidad de Girona. Se pretende establecer una l\u00ednea de colaboraci\u00f3n con el instituto del municipio para realizar una nueva campa\u00f1a de excavaciones en el mes de septiembre con participaci\u00f3n de estudiantes del centro educativo. El objetivo es potenciar el conocimiento del patrimonio local y acercar la metodolog\u00eda de trabajo arqueol\u00f3gica en la poblaci\u00f3n estudiantil.<\/p>\n<p>Las excavaciones son fruto de un convenio de colaboraci\u00f3n con el Ayuntamiento de Calonge y el Laboratorio de Arqueolog\u00eda y Prehistoria de la Universidad de Girona, y se integran en el marco del programa cuatrienal de proyectos de investigaci\u00f3n en arqueolog\u00eda, impulsados y subvencionados por la Generalitat de Catalunya.<\/p>\n","protected":false},"excerpt":{"rendered":"<p>Arque\u00f3logos de la Universidad de Girona (UdG) hallaron un mosaico decorado con los colores blanco, negro y rojo que data de siglo II d.C. en la villa romana del Collet de Sant Antoni Calonge (Girona). Seg\u00fan los arque\u00f3logos dirigidos por Llu\u00eds Palah\u00ed, el mosaico formaba parte de una gran \u00abDomus\u00bb, cuyo due\u00f1o ser\u00eda un reconocido [&hellip;]<\/p>\n","protected":false},"author":1,"featured_media":539,"comment_status":"open","ping_status":"closed","sticky":false,"template":"","format":"standard","meta":{"_jetpack_memberships_contains_paid_content":false,"footnotes":"","jetpack_publicize_message":"","jetpack_publicize_feature_enabled":true,"jetpack_social_post_already_shared":true,"jetpack_social_options":{"image_generator_settings":{"template":"highway","default_image_id":0,"font":"","enabled":false},"version":2}},"categories":[7],"tags":[],"class_list":["post-538","post","type-post","status-publish","format-standard","has-post-thumbnail","hentry","category-noticias-arqueologia"],"jetpack_publicize_connections":[],"jetpack_featured_media_url":"https:\/\/www.historiayarqueologia.net\/wp-content\/uploads\/Collet-Lluis-Palahi.jpg","jetpack_sharing_enabled":true,"_links":{"self":[{"href":"https:\/\/www.historiayarqueologia.net\/index.php?rest_route=\/wp\/v2\/posts\/538","targetHints":{"allow":["GET"]}}],"collection":[{"href":"https:\/\/www.historiayarqueologia.net\/index.php?rest_route=\/wp\/v2\/posts"}],"about":[{"href":"https:\/\/www.historiayarqueologia.net\/index.php?rest_route=\/wp\/v2\/types\/post"}],"author":[{"embeddable":true,"href":"https:\/\/www.historiayarqueologia.net\/index.php?rest_route=\/wp\/v2\/users\/1"}],"replies":[{"embeddable":true,"href":"https:\/\/www.historiayarqueologia.net\/index.php?rest_route=%2Fwp%2Fv2%2Fcomments&post=538"}],"version-history":[{"count":2,"href":"https:\/\/www.historiayarqueologia.net\/index.php?rest_route=\/wp\/v2\/posts\/538\/revisions"}],"predecessor-version":[{"id":541,"href":"https:\/\/www.historiayarqueologia.net\/index.php?rest_route=\/wp\/v2\/posts\/538\/revisions\/541"}],"wp:featuredmedia":[{"embeddable":true,"href":"https:\/\/www.historiayarqueologia.net\/index.php?rest_route=\/wp\/v2\/media\/539"}],"wp:attachment":[{"href":"https:\/\/www.historiayarqueologia.net\/index.php?rest_route=%2Fwp%2Fv2%2Fmedia&parent=538"}],"wp:term":[{"taxonomy":"category","embeddable":true,"href":"https:\/\/www.historiayarqueologia.net\/index.php?rest_route=%2Fwp%2Fv2%2Fcategories&post=538"},{"taxonomy":"post_tag","embeddable":true,"href":"https:\/\/www.historiayarqueologia.net\/index.php?rest_route=%2Fwp%2Fv2%2Ftags&post=538"}],"curies":[{"name":"wp","href":"https:\/\/api.w.org\/{rel}","templated":true}]}}