{"id":520,"date":"2016-03-28T12:19:12","date_gmt":"2016-03-28T10:19:12","guid":{"rendered":"https:\/\/www.historiayarqueologia.net\/?p=520"},"modified":"2016-03-28T12:19:12","modified_gmt":"2016-03-28T10:19:12","slug":"altamira-banderas-sera-sanz-sautuola","status":"publish","type":"post","link":"https:\/\/www.historiayarqueologia.net\/?p=520","title":{"rendered":"Altamira: Banderas ser\u00e1 Sanz de Sautuola"},"content":{"rendered":"<p><img fetchpriority=\"high\" decoding=\"async\" class=\"aligncenter size-full wp-image-521\" src=\"https:\/\/www.historiayarqueologia.net\/wp-content\/uploads\/Altamira-pelicula-banderas-01.jpg\" alt=\"Altamira-pelicula-banderas-01\" width=\"815\" height=\"330\" srcset=\"https:\/\/www.historiayarqueologia.net\/wp-content\/uploads\/Altamira-pelicula-banderas-01.jpg 815w, https:\/\/www.historiayarqueologia.net\/wp-content\/uploads\/Altamira-pelicula-banderas-01-300x121.jpg 300w, https:\/\/www.historiayarqueologia.net\/wp-content\/uploads\/Altamira-pelicula-banderas-01-768x311.jpg 768w\" sizes=\"(max-width: 815px) 100vw, 815px\" \/><strong>\u00abAltamira\u00bb<\/strong>, la pel\u00edcula se estrena el 1 de abril de 2016 y <strong>Antonio Banderas interpreta a Marcelino Sanz de Sautuola<\/strong> &#8211; descubridor de la cueva de Altamira en el a\u00f1o 1879-\u00a0 quien acompa\u00f1ado de Mar\u00eda, su hija, hizo uno de los hallazgos m\u00e1s importantes de la arqueolog\u00eda mundial aunque no vivi\u00f3 para ser reconocido por ello, hoy se considerada la Capilla Sixtina del arte rupestre que fue habitada hasta hace 13.000 a\u00f1os, cuando qued\u00f3 sellada por un derrumbe.<\/p>\n<p>Su familia ha puesto en marcha un triple proyecto,\u00a0explicar en un documental el valor cient\u00edfico y art\u00edstico del hallazgo,\u00a0 proporcionar a la gente la posibilidad de hacer una visita virtual a este templo del arte rupestre y una pel\u00edcula que servir\u00e1 para reivindicar al descubridor de las cuevas de Altamira y que ser\u00e1 interpretado por el actor espa\u00f1ol Antonio Banderas con el papel de Marcelino Sanz de Sautuola, ser\u00e1 dirijida por Hugh Hudson, el nuevo director de Carros de fuego, ser\u00e1 musicada por Mark Knopfler, y contar\u00e1 con la fotograf\u00eda de Jos\u00e9 Luis Alcaine.<\/p>\n<p><strong>Lucrecia Bot\u00edn<\/strong>, la representante familiar, cuenta que desde la infancia,\u00a0 su abuelo Emilio, su padre (Jaime) y su t\u00edo Emilio, le hablaban de Marcelino y Mar\u00eda, su tatarabuelo y su bisabuela, descubridores de la cueva de Altamira. Las cercan\u00edas de la cueva, a escasos 1000 metros de la casa familar de Puente San Miguel se convirti\u00f3 en un lugar para ir a jugar con las bicicletas.<\/p>\n<p>Fue Mar\u00eda, hija de Marcelino, quien con solo 9 a\u00f1os contempl\u00f3 por primera vez los impresionantes bisontes que llevan 30.000 a\u00f1os pintados en la piedra, quien tras lo a\u00f1os, se encarg\u00f3 de transmitir a sus descendientes el impacto emocional que supuso el hallazgoy conseguir de esta forma que la memoria de su padre no se perdiera, un hombre ilustrado, amante de la bot\u00e1nica y la ciencia, pol\u00edglota, estudioso de la entonces incipiente arqueolog\u00eda.<\/p>\n<p>Tal es el reconocimiento familiar que al ver que Mar\u00eda, hija \u00fanica de Marcelino, los Bot\u00edn-Sanz de Sautuola unieron el apellido para que no se perdiera y lograr mantener viva su memoria e incluso alguna de sus aficiones como su nieto Emilio que tra\u00eda de pa\u00edses ex\u00f3ticos, semillas, plantas y tocones en las sombrereras de su mujer.<\/p>\n<p>Es tal la devoci\u00f3n de Lucrecia Bot\u00edn por su antepasado que habla con gran entusiasmo de su tatarabuelo y lo que representa Altamira para ella:<\/p>\n<p><em>\u00abLa pel\u00edcula era una apuesta arriesgada y necesitaba el apoyo de mi familia y lo tuve desde el principio. Mi t\u00edo Emilio y mi padre me ayudaron much\u00edsimo. Nosotros no buscamos protagonismo ninguno; por eso, no nos gusta salir en los medios de comunicaci\u00f3n. Pero toda la familia hemos admirado desde siempre a este hombre culto y emprendedor que nos ha transmitido las ganas de saber y el amor por la bot\u00e1nica, entre otras cosas. Hace a\u00f1os que quer\u00eda contar en una pel\u00edcula que estuviera bien hecha la historia y el drama que supuso para \u00e9l el descubrimiento de la cueva de Altamira. Entr\u00e9 en las cuevas muchas veces de peque\u00f1a. Es algo sobrecogedor. Se cerraron, se hizo la reproducci\u00f3n, que es estupenda, pero me qued\u00e9 con la obsesi\u00f3n de que la gente pudiera ver las cuevas de verdad. La cueva ha cambiado mucho desde que yo era peque\u00f1a. Mi padre cuenta que cuando \u00e9l iba a jugar all\u00ed de peque\u00f1o, que iba en bicicleta, estaban mojadas, parec\u00eda que la pintura estaba fresca. Una vez que se ha abierto la cueva, es inevitable el deterioro de los pigmentos y se va secando el ambiente. A m\u00ed me gustar\u00eda que la gente pudiera bajarse una pel\u00edcula de Internet y as\u00ed poder entrar en la Sala de los Pol\u00edcromos\u00bb.<\/em><\/p>\n<p><img decoding=\"async\" class=\"aligncenter size-full wp-image-523\" src=\"https:\/\/www.historiayarqueologia.net\/wp-content\/uploads\/Altamira-pelicula-banderas-03.jpg\" alt=\"Altamira-pelicula-banderas-03\" width=\"823\" height=\"337\" srcset=\"https:\/\/www.historiayarqueologia.net\/wp-content\/uploads\/Altamira-pelicula-banderas-03.jpg 823w, https:\/\/www.historiayarqueologia.net\/wp-content\/uploads\/Altamira-pelicula-banderas-03-300x123.jpg 300w, https:\/\/www.historiayarqueologia.net\/wp-content\/uploads\/Altamira-pelicula-banderas-03-768x314.jpg 768w\" sizes=\"(max-width: 823px) 100vw, 823px\" \/><\/p>\n<h2>Altamira y el legado de Marcelino<\/h2>\n<p>Repartido entre la Fundaci\u00f3n Bot\u00edn y el <a href=\"https:\/\/museodealtamira.mcu.es\/\" target=\"_blank\" rel=\"nofollow noopener\">Museo Nacional<\/a> de Altamira, todos los hallazgos de Sanz de Sautuola entre los que se encuentran huesos, s\u00edlex y algunas otras piezas junto a todos sus escritos forman parte del Patrimonio de la Humanidad y fueron donados por la familia quien conserva muy pocos objetos a nivel privado.<\/p>\n<p>Lucrecia nos cuenta que \u00a0Sanz de Sautuola:\u00a0 <em>\u00abfue un hombre culto con una curiosidad intelectual impresionante. Era abogado de profesi\u00f3n y su afici\u00f3n eran las ciencias. Era un caballero del siglo XIX, pertenec\u00eda a una clase acomodada. Como Darwin o Julio Verne, era gente que no ten\u00eda que ganarse la vida y pod\u00eda dedicarse a sus pasiones. Lo que se le daba bien a mi tatarabuelo era la ciencia: era miembro de la Real Academia de la Historia, hablaba muy bien franc\u00e9s, hab\u00eda le\u00eddo a \u00c9mile Cartailhac y a Darwin. Le fascinaba el estudio de la Prehistoria, que era una ciencia muy incipiente. Se fue a la Exposici\u00f3n Universal de Par\u00eds de 1879 y se trajo las t\u00e9cnicas para datar e identificar objetos. En cuanto lleg\u00f3 a Santander se puso a excavar, que era lo que le divert\u00eda. Que \u00e9l descubriera la cueva de Altamira no es una casualidad. Lo incre\u00edble, lo m\u00e1gico, es que la encontr\u00f3 casi en la puerta de su casa\u00bb.<\/em><\/p>\n<p>Cuando habla de Mar\u00eda, una ni\u00f1a de tan solo 9 a\u00f1os dice que : \u00ab<em>Era una ni\u00f1a valiente y la \u00fanica que cab\u00eda en la Sala de los Pol\u00edcromos, que entonces ten\u00eda poco m\u00e1s de un metro de altura, por eso fue la primera en ver las pinturas\u00bb<\/em>.<\/p>\n<h2>Rechazado por la comunidad cient\u00edfica y la iglesia<\/h2>\n<p>El hallazgo de Sanz de Sautuola recibi\u00f3 el ataque de casi todos, incluida la Iglesia con un rechazo frontal:<\/p>\n<p><em>\u00abImagina Espa\u00f1a en el siglo XIX. Viene un se\u00f1or y dice que estas cuevas fueron pintadas antes de Ad\u00e1n y Eva, \u00bfc\u00f3mo se interpreta eso? Pues mal. Lo llamaron &#8216;hereje&#8217;, &#8216;mentiroso&#8217;. Lo atac\u00f3 todo el mundo. Los cient\u00edficos -aunque hubieran le\u00eddo a Darwin- lo que pensaban es que \u00e9l contradec\u00eda la evoluci\u00f3n. No le crey\u00f3 nadie: unos pensaban que estaba negando la evoluci\u00f3n, otros que era un hereje. <\/em><em>Su drama es que intent\u00f3 por todos los medios que le hicieran caso, y los cient\u00edficos fueron indiferentes y no vinieron a ver su descubrimiento. Aceptaron sus estudios paleol\u00edticos porque estaban muy bien hechos, pero le culparon de haber falsificado las cuevas, de haberlas pintado \u00e9l. Lo llamaron &#8216;mentiroso&#8217;. Era todo menos eso, era un hombre con un pensamiento adelantado a su tiempo. Se muri\u00f3 sin que Cartailhac viniera a ver la cueva. Ese es el drama. Su hija nunca regres\u00f3 a la cueva cuando \u00e9l muri\u00f3. Era un tema que hab\u00eda hecho mucho da\u00f1o a su padre. Mi abuelo Emilio contaba c\u00f3mo hab\u00eda sufrido su madre porque nadie crey\u00f3 a su padre<\/em><em>\u00ab<\/em><\/p>\n<p>Los cient\u00edficos de la \u00e9poca consideraban improbable que el hombre prehist\u00f3rico fuera capaz de crear semejantes pinturas. Por aquel tiempo solo recibi\u00f3 el apoyo del paleont\u00f3logo <strong>Juan de Vilanova<\/strong>.<\/p>\n<p><img decoding=\"async\" class=\"alignleft wp-image-522 size-medium\" src=\"https:\/\/www.historiayarqueologia.net\/wp-content\/uploads\/Altamira-pelicula-banderas-02-300x200.jpg\" alt=\"Altamira-pelicula-banderas-02\" width=\"300\" height=\"200\" srcset=\"https:\/\/www.historiayarqueologia.net\/wp-content\/uploads\/Altamira-pelicula-banderas-02-300x200.jpg 300w, https:\/\/www.historiayarqueologia.net\/wp-content\/uploads\/Altamira-pelicula-banderas-02.jpg 600w\" sizes=\"(max-width: 300px) 100vw, 300px\" \/> Lucrecia nos ense\u00f1a una reproducci\u00f3n de los Breves apuntes sobre algunos objetos prehist\u00f3ricos de la provincia de Santander, escrito por su tatarabuelo en 1880. \u00abEscribe estas p\u00e1ginas para registrar lo que hab\u00eda encontrado y que los cient\u00edficos pudieran apreciarlo\u00bb, explica Lucrecia.<\/p>\n<p>\u00c9mile Cartailhac visit\u00f3 Altamira cuando Sanz de Sautuola ya hab\u00eda muerto. El franc\u00e9s quiso devolver el prestigio arrebatado a Sautuola y se disculp\u00f3 en su escrito <strong>Mea culpa de un esc\u00e9ptico<\/strong>. Lleg\u00f3 el reconocimiento internacional y se conoci\u00f3 la val\u00eda de Altamira, pero no se ha contado bien la historia de su descubridor.<\/p>\n<p><em>\u00abEn Espa\u00f1a tenemos gente incre\u00edble, pero no se conocen bien sus historias; es algo que no pasa en cualquier otro pa\u00eds de Europa. En mi familia somos gente curiosa, inquieta, hemos estudiado cosas diferentes, pero todos tenemos un amor por la bot\u00e1nica que obviamente viene de mi tatarabuelo. Mi padre, que es banquero porque le ha tocado serlo, es un hombre que siempre nos ha empujado a saber m\u00e1s. Ese esp\u00edritu viene de Sautuola, que era un hombre especial, con inquietudes, sin fronteras, sin prejuicios. Es un lujo tener este antepasado\u00bb<\/em>, dice Lucrecia.<\/p>\n<p>La reina Victoria Eugenia visit\u00f3 Altamira. Tambi\u00e9n lo hizo Alfonso XIII. La cueva se abri\u00f3 al p\u00fablico en 1917 y se cerr\u00f3 en 2002 para preservarla del deterioro. Se puede visitar una r\u00e9plica.<\/p>\n","protected":false},"excerpt":{"rendered":"<p>\u00abAltamira\u00bb, la pel\u00edcula se estrena el 1 de abril de 2016 y Antonio Banderas interpreta a Marcelino Sanz de Sautuola &#8211; descubridor de la cueva de Altamira en el a\u00f1o 1879-\u00a0 quien acompa\u00f1ado de Mar\u00eda, su hija, hizo uno de los hallazgos m\u00e1s importantes de la arqueolog\u00eda mundial aunque no vivi\u00f3 para ser reconocido por [&hellip;]<\/p>\n","protected":false},"author":1,"featured_media":521,"comment_status":"open","ping_status":"closed","sticky":false,"template":"","format":"standard","meta":{"_jetpack_memberships_contains_paid_content":false,"footnotes":"","jetpack_publicize_message":"","jetpack_publicize_feature_enabled":true,"jetpack_social_post_already_shared":true,"jetpack_social_options":{"image_generator_settings":{"template":"highway","default_image_id":0,"font":"","enabled":false},"version":2}},"categories":[7],"tags":[],"class_list":["post-520","post","type-post","status-publish","format-standard","has-post-thumbnail","hentry","category-noticias-arqueologia"],"jetpack_publicize_connections":[],"jetpack_featured_media_url":"https:\/\/www.historiayarqueologia.net\/wp-content\/uploads\/Altamira-pelicula-banderas-01.jpg","jetpack_sharing_enabled":true,"_links":{"self":[{"href":"https:\/\/www.historiayarqueologia.net\/index.php?rest_route=\/wp\/v2\/posts\/520","targetHints":{"allow":["GET"]}}],"collection":[{"href":"https:\/\/www.historiayarqueologia.net\/index.php?rest_route=\/wp\/v2\/posts"}],"about":[{"href":"https:\/\/www.historiayarqueologia.net\/index.php?rest_route=\/wp\/v2\/types\/post"}],"author":[{"embeddable":true,"href":"https:\/\/www.historiayarqueologia.net\/index.php?rest_route=\/wp\/v2\/users\/1"}],"replies":[{"embeddable":true,"href":"https:\/\/www.historiayarqueologia.net\/index.php?rest_route=%2Fwp%2Fv2%2Fcomments&post=520"}],"version-history":[{"count":2,"href":"https:\/\/www.historiayarqueologia.net\/index.php?rest_route=\/wp\/v2\/posts\/520\/revisions"}],"predecessor-version":[{"id":525,"href":"https:\/\/www.historiayarqueologia.net\/index.php?rest_route=\/wp\/v2\/posts\/520\/revisions\/525"}],"wp:featuredmedia":[{"embeddable":true,"href":"https:\/\/www.historiayarqueologia.net\/index.php?rest_route=\/wp\/v2\/media\/521"}],"wp:attachment":[{"href":"https:\/\/www.historiayarqueologia.net\/index.php?rest_route=%2Fwp%2Fv2%2Fmedia&parent=520"}],"wp:term":[{"taxonomy":"category","embeddable":true,"href":"https:\/\/www.historiayarqueologia.net\/index.php?rest_route=%2Fwp%2Fv2%2Fcategories&post=520"},{"taxonomy":"post_tag","embeddable":true,"href":"https:\/\/www.historiayarqueologia.net\/index.php?rest_route=%2Fwp%2Fv2%2Ftags&post=520"}],"curies":[{"name":"wp","href":"https:\/\/api.w.org\/{rel}","templated":true}]}}