{"id":466,"date":"2016-03-26T20:51:21","date_gmt":"2016-03-26T19:51:21","guid":{"rendered":"https:\/\/www.historiayarqueologia.net\/?p=466"},"modified":"2016-04-03T11:25:24","modified_gmt":"2016-04-03T09:25:24","slug":"destruyen-patrimonio-mochica","status":"publish","type":"post","link":"https:\/\/www.historiayarqueologia.net\/?p=466","title":{"rendered":"Destruyen patrimonio \u00abMochica\u00bb, (100a.C-700d.C)"},"content":{"rendered":"<figure id=\"attachment_468\" aria-describedby=\"caption-attachment-468\" style=\"width: 380px\" class=\"wp-caption alignleft\"><img fetchpriority=\"high\" decoding=\"async\" class=\"wp-image-468\" src=\"https:\/\/www.historiayarqueologia.net\/wp-content\/uploads\/mochica-patrimonio.jpg\" alt=\"\" width=\"380\" height=\"214\" srcset=\"https:\/\/www.historiayarqueologia.net\/wp-content\/uploads\/mochica-patrimonio.jpg 604w, https:\/\/www.historiayarqueologia.net\/wp-content\/uploads\/mochica-patrimonio-300x169.jpg 300w\" sizes=\"(max-width: 380px) 100vw, 380px\" \/><figcaption id=\"caption-attachment-468\" class=\"wp-caption-text\">Destruyeron contextos importantes como ofrendas, artes de altares, y restos de viviendas. | Fuente: RPP\/Yesenia Moreno | Fot\u00f3grafo: Referencial<\/figcaption><\/figure>\n<p>Por Semana Santa, un grupo de huaqueros atent\u00f3 contra el patrimonio arqueol\u00f3gico del cerro Las \u00c1nimas, jurisdicci\u00f3n del distrito de Za\u00f1a, en la regi\u00f3n Lambayeque.<\/p>\n<p>El arque\u00f3logo del Museo Tumbas Reales de Sip\u00e1n, Edgar Bracamonte, precis\u00f3 que en los operativos emprendidos en los valles de Lambayeque y Za\u00f1a, se constat\u00f3 que huaqueros saquearon d\u00edas antes al Jueves y Viernes Santo gran parte del asentamiento humano mochica tard\u00edo que existe en la zona de Za\u00f1a.<\/p>\n<p>Inform\u00f3, que los pozos que hicieron los profanadores destruyeron contextos importantes como ofrendas, artes de altares, y restos de viviendas que exist\u00edan en ese monumento.<\/p>\n<p>En tanto, Bracamonte dijo que solo pudieron recuperar algunas vasijas completas que los huaqueros ya no pudieron llevarse, tinajas, una peque\u00f1a escultura y algunas cer\u00e1micas.<\/p>\n<p>\u00abLos huaqueros han destruido gran cantidad de material arqueol\u00f3gico, en cer\u00e1mica, cobre de esta zona de Za\u00f1a, que hemos podido constatar en los operativos de Semana Santa dirigidos por el arque\u00f3logo Walter Alva \u00ab, manifest\u00f3.<\/p>\n<p>De otro lado, el coordinador de Arqueolog\u00eda y Conservaci\u00f3n de la Unidad Ejecutora Naylamp Lambayeque, Juan Carlos Ugaz, inform\u00f3 a RPP Noticias que a m\u00e1s tardar el martes 29, los 12 equipos de vigilancia que se desplazaron junto a la Polic\u00eda Nacional por los diversos sitios arqueol\u00f3gicos de la regi\u00f3n brindar\u00e1n sus informes generales.<\/p>\n","protected":false},"excerpt":{"rendered":"<p>Por Semana Santa, un grupo de huaqueros atent\u00f3 contra el patrimonio arqueol\u00f3gico del cerro Las \u00c1nimas, jurisdicci\u00f3n del distrito de Za\u00f1a, en la regi\u00f3n Lambayeque. El arque\u00f3logo del Museo Tumbas Reales de Sip\u00e1n, Edgar Bracamonte, precis\u00f3 que en los operativos emprendidos en los valles de Lambayeque y Za\u00f1a, se constat\u00f3 que huaqueros saquearon d\u00edas antes [&hellip;]<\/p>\n","protected":false},"author":1,"featured_media":467,"comment_status":"open","ping_status":"closed","sticky":false,"template":"","format":"standard","meta":{"_jetpack_memberships_contains_paid_content":false,"footnotes":"","jetpack_publicize_message":"","jetpack_publicize_feature_enabled":true,"jetpack_social_post_already_shared":true,"jetpack_social_options":{"image_generator_settings":{"template":"highway","default_image_id":0,"font":"","enabled":false},"version":2}},"categories":[7],"tags":[],"class_list":["post-466","post","type-post","status-publish","format-standard","has-post-thumbnail","hentry","category-noticias-arqueologia"],"jetpack_publicize_connections":[],"jetpack_featured_media_url":"https:\/\/www.historiayarqueologia.net\/wp-content\/uploads\/mochica-patrimonio1.jpg","jetpack_sharing_enabled":true,"_links":{"self":[{"href":"https:\/\/www.historiayarqueologia.net\/index.php?rest_route=\/wp\/v2\/posts\/466","targetHints":{"allow":["GET"]}}],"collection":[{"href":"https:\/\/www.historiayarqueologia.net\/index.php?rest_route=\/wp\/v2\/posts"}],"about":[{"href":"https:\/\/www.historiayarqueologia.net\/index.php?rest_route=\/wp\/v2\/types\/post"}],"author":[{"embeddable":true,"href":"https:\/\/www.historiayarqueologia.net\/index.php?rest_route=\/wp\/v2\/users\/1"}],"replies":[{"embeddable":true,"href":"https:\/\/www.historiayarqueologia.net\/index.php?rest_route=%2Fwp%2Fv2%2Fcomments&post=466"}],"version-history":[{"count":2,"href":"https:\/\/www.historiayarqueologia.net\/index.php?rest_route=\/wp\/v2\/posts\/466\/revisions"}],"predecessor-version":[{"id":592,"href":"https:\/\/www.historiayarqueologia.net\/index.php?rest_route=\/wp\/v2\/posts\/466\/revisions\/592"}],"wp:featuredmedia":[{"embeddable":true,"href":"https:\/\/www.historiayarqueologia.net\/index.php?rest_route=\/wp\/v2\/media\/467"}],"wp:attachment":[{"href":"https:\/\/www.historiayarqueologia.net\/index.php?rest_route=%2Fwp%2Fv2%2Fmedia&parent=466"}],"wp:term":[{"taxonomy":"category","embeddable":true,"href":"https:\/\/www.historiayarqueologia.net\/index.php?rest_route=%2Fwp%2Fv2%2Fcategories&post=466"},{"taxonomy":"post_tag","embeddable":true,"href":"https:\/\/www.historiayarqueologia.net\/index.php?rest_route=%2Fwp%2Fv2%2Ftags&post=466"}],"curies":[{"name":"wp","href":"https:\/\/api.w.org\/{rel}","templated":true}]}}