{"id":2018,"date":"2018-08-19T13:15:17","date_gmt":"2018-08-19T11:15:17","guid":{"rendered":"https:\/\/www.historiayarqueologia.net\/?p=2018"},"modified":"2018-08-19T13:15:17","modified_gmt":"2018-08-19T11:15:17","slug":"el-agora-compara-ahora-y-antes-grecia","status":"publish","type":"post","link":"https:\/\/www.historiayarqueologia.net\/?p=2018","title":{"rendered":"El \u00c1gora, compara ahora y antes &#8211; 10 fotos de Grecia"},"content":{"rendered":"\t\t<div data-elementor-type=\"wp-post\" data-elementor-id=\"2018\" class=\"elementor elementor-2018 elementor-bc-flex-widget\" data-elementor-post-type=\"post\">\n\t\t\t\t\t\t<section class=\"elementor-section elementor-top-section elementor-element elementor-element-c163bee elementor-section-boxed elementor-section-height-default elementor-section-height-default\" data-id=\"c163bee\" data-element_type=\"section\" data-e-type=\"section\">\n\t\t\t\t\t\t<div class=\"elementor-container elementor-column-gap-default\">\n\t\t\t\t\t<div class=\"elementor-column elementor-col-100 elementor-top-column elementor-element elementor-element-653065c\" data-id=\"653065c\" data-element_type=\"column\" data-e-type=\"column\">\n\t\t\t<div class=\"elementor-widget-wrap elementor-element-populated\">\n\t\t\t\t\t\t<div class=\"elementor-element elementor-element-ce10d72 elementor-widget elementor-widget-heading\" data-id=\"ce10d72\" data-element_type=\"widget\" data-e-type=\"widget\" data-widget_type=\"heading.default\">\n\t\t\t\t<div class=\"elementor-widget-container\">\n\t\t\t\t\t<h2 class=\"elementor-heading-title elementor-size-default\">08 de 10- El \u00c1gora - Ahora y antes<\/h2>\t\t\t\t<\/div>\n\t\t\t\t<\/div>\n\t\t\t\t\t<\/div>\n\t\t<\/div>\n\t\t\t\t\t<\/div>\n\t\t<\/section>\n\t\t\t\t<section class=\"elementor-section elementor-top-section elementor-element elementor-element-1a1b9e1 elementor-section-boxed elementor-section-height-default elementor-section-height-default\" data-id=\"1a1b9e1\" data-element_type=\"section\" data-e-type=\"section\">\n\t\t\t\t\t\t<div class=\"elementor-container elementor-column-gap-default\">\n\t\t\t\t\t<div class=\"elementor-column elementor-col-100 elementor-top-column elementor-element elementor-element-e00f2d7\" data-id=\"e00f2d7\" data-element_type=\"column\" data-e-type=\"column\">\n\t\t\t<div class=\"elementor-widget-wrap elementor-element-populated\">\n\t\t\t\t\t\t<section class=\"elementor-section elementor-inner-section elementor-element elementor-element-1f7d71b elementor-section-boxed elementor-section-height-default elementor-section-height-default\" data-id=\"1f7d71b\" data-element_type=\"section\" data-e-type=\"section\">\n\t\t\t\t\t\t<div class=\"elementor-container elementor-column-gap-default\">\n\t\t\t\t\t<div class=\"elementor-column elementor-col-50 elementor-inner-column elementor-element elementor-element-831ef67\" data-id=\"831ef67\" data-element_type=\"column\" data-e-type=\"column\">\n\t\t\t<div class=\"elementor-widget-wrap elementor-element-populated\">\n\t\t\t\t\t\t<div class=\"elementor-element elementor-element-08272ef elementor-widget elementor-widget-text-editor\" data-id=\"08272ef\" data-element_type=\"widget\" data-e-type=\"widget\" data-widget_type=\"text-editor.default\">\n\t\t\t\t<div class=\"elementor-widget-container\">\n\t\t\t\t\t\t\t\t\t<p><strong>El \u00c1gora.<\/strong> Durante el per\u00edodo arcaico en la cara noroeste de la Acr\u00f3polis, entre las colinas de las Ninfas y los Aer\u00f3pagos s\u00f3lo hab\u00eda un cementerio. Sin embargo, <strong>desde el 600 a.C., este lugar se va paulatinamente edificando y habitando y en no mucho tiempo pasa a convertirse en el centro de la vida p\u00fablica de Atenas, as\u00ed como la Acr\u00f3polis era el centro de la vida religiosa.<\/strong><\/p><p>Los atenienses acud\u00edan a este lugar de encuentro ciudadano, a este amplio espacio abierto donde, como la palabra \u00ab<em>\u00e1gora<\/em>\u00bb indica, se concentraban gentes y edificios. A pesar de los ingentes da\u00f1os que aqu\u00ed causaron los persas, el \u00c1gora hab\u00eda sido ya restaurada mucho antes de la \u00e9poca de Pericles. Con los romanos contin\u00faa creciendo: los arquitectos hab\u00edan abandonado el concepto de un espacio central abierto y, de este modo, comienzan a construir edificios p\u00fablicos incluso en el \u00c1gora misma.<\/p><p>En el 267 d.C., una de las invasiones h\u00e9rulas la destruye por completo y durante los 150 a\u00f1os siguientes no es sino un lugar lleno de ruinas, al otro lado de las nuevas murallas de la ciudad.<\/p><p>Durante el siglo V a.C., en el emplazamiento del \u00c1gora se construye un amplio gimnasio que estuvo en uso hasta finales del siglo siguiente. A partir de entonces, toda el \u00e1rea se puebla de humildes asentamientos, semejantes a los que todav\u00eda encontramos en la actualidad en la cercana Placa.<\/p><p>En el lado occidental del \u00c1gora, podemos ver sobre una colina el <strong>Templo de Hefaistos<\/strong>, el cual, a pesar de estar consagrado a Hefaistos y Atenea, recibe <strong>desde la Edad Media el nombre de Tese\u00f3n<\/strong>. <strong>El Hefaiste\u00f3n<\/strong> se conserva en excelentes condiciones gracias a una restauraci\u00f3n efectuada en el siglo VII d.C. y al hecho de haber sido transformado en el a\u00f1o 1300 en una iglesia ortodoxa dedicada a San Jorge. Con el fin de convertirlo en templo cristiano, se a\u00f1adi\u00f3 un arco, se tabic\u00f3 el espacio existente entre las columnas y se abrieron varias tumbas en el suelo de la nueva iglesia, protegida por una c\u00fapula. Todos estos a\u00f1adidos han sido eliminados en la actualidad y el templo ha vuelto, a su forma primitiva.<\/p><p>La construcci\u00f3n da inicio en el 448 a.C., inmediatamente despu\u00e9s de la firma del tratado de paz con Persia, y sigue un dise\u00f1o similar al de otros tres templos: <strong>el de Poseid\u00f3n en Sunion, el de N\u00e9mesis en Ramnous y el de Ares<\/strong>, trasladado en \u00e9poca romana desde la provincia \u00e1tica de Acarne al \u00c1gora donde fue reconstruido. Todo hace creer que los cuatro edificios sean obra de un \u00fanico arquitecto de identidad desconocida.<\/p><p><strong>El Hefaisteion<\/strong> es un templo per\u00edptero de cien pies \u00e1ticos de longitud (32,77 metros) con <strong>seis columnas d\u00f3ricas en las fachadas y trece en los laterales<\/strong>. Cada columna mide 5,88 metros de altura y tiene veinte profundas acanaladuras. <strong>Los frisos<\/strong>, hoy perdidos, conten\u00edan relieves con representaciones de la <strong>Centauromaquia<\/strong> y de la <strong>apoteosis de Heracles.<\/strong> Conservamos, sin embargo, las diez m\u00e9topas de la fachada, que narran los Trabajos de Heracles, y las primeras cuatro m\u00e9topas de cada lateral, con los Trabajos de Teseo.<\/p><p>Probablemente estas \u00faltimas contribuyeron, tal y como se\u00f1alamos antes, a que en la Edad Media el edificio fuera rebautizado. En su interior, el templo ten\u00eda dos pilares d\u00f3ricos de 5,38 metros de altura, los cuales, siguiendo un estilo absolutamente innovativo, sosten\u00edan un arquitrabe que se prolongaba hasta las columnas exteriores. De este modo se destacaba graciosamente el espacio entre la parte delantera y las columnas laterales formando una especie de\u00a0antec\u00e1mara.<\/p><p>Esta nueva autonom\u00eda espacial quedaba resaltada gracias a una m\u00e9topa situada sobre el arquitrabe, en la que se ve\u00edan escenas de batallas contra c\u00edclopes y gigantes. Como en el Parten\u00f3n, el templo ten\u00eda al interno de los tres laterales una doble hilera de columnas d\u00f3ricas en dos niveles. Cada lado habr\u00eda estado cubierto con una mano de estuco dorado que hoy se ha perdido. A<strong>qu\u00ed se custodiaban las estatuas de Hefaistos y Atenea, obra del escultor Alc\u00e1menes<\/strong>. En el lado derecho hay varias tumbas de ca\u00eddos en la guerra de liberaci\u00f3n griega, algunos de ellos son brit\u00e1nicos y dos son italianos.<\/p>\t\t\t\t\t\t\t\t<\/div>\n\t\t\t\t<\/div>\n\t\t\t\t\t<\/div>\n\t\t<\/div>\n\t\t\t\t<div class=\"elementor-column elementor-col-50 elementor-inner-column elementor-element elementor-element-12f67c9\" data-id=\"12f67c9\" data-element_type=\"column\" data-e-type=\"column\">\n\t\t\t<div class=\"elementor-widget-wrap elementor-element-populated\">\n\t\t\t\t\t\t<div class=\"elementor-element elementor-element-e711e3c elementor-widget elementor-widget-text-editor\" data-id=\"e711e3c\" data-element_type=\"widget\" data-e-type=\"widget\" data-widget_type=\"text-editor.default\">\n\t\t\t\t<div class=\"elementor-widget-container\">\n\t\t\t\t\t\t\t\t\t<p>En la parte del \u00c1gora que mira hacia la colina del Tese\u00f3n quedan restos de edificios p\u00fablicos del siglo V a.C. Entre ellos podemos destacar por su importancia: <strong>la Estoa de Zeus Eleutherios<\/strong> -defensor de la Libertad-, <strong>el templo de Apolo Patr\u00f3os, el Metroon<\/strong> -peculiar construcci\u00f3n que albergaba tanto el sagrario de la Madre de los dioses como los Archivos de Estado-, <strong>el Buleuterio<\/strong> -donde se reun\u00edan los 500 miembros del Parlamento-, y el edificio circular, denominado <strong>Tholos<\/strong>, en el que los Pritanes acud\u00edan a comer y a ejercer sus funciones gubernamentales.<\/p><p><strong>Ante el Metroon<\/strong>, sobre un largo pedestal de m\u00e1rmol, estaban las figuras de bronce dorado de<strong> los diez H\u00e9roes ep\u00f3nimos que hab\u00edan dado nombre a las diez tribus del Atica<\/strong>. En la parte delantera del pedestal hab\u00eda unos tablones de anun-cios de madera donde se expon\u00edan todas las disposiciones legales oficiales y las noticias.<\/p><p>Justo <strong>enfrente del templo de Apolo Patr\u00f3os<\/strong>, podemos ver <strong>los cimientos del templo de Ares<\/strong>, construido en el siglo V a.0 en Acarn\u00e9 por el ignoto arquitecto del Teseo. Por orden de Augusto, el templo fue trasladado, como s\u00edmbolo de victoria, a su emplazamiento en el \u00c1gora. Los railes del tren Atenas-Pireo cruzan los edificios del extremo norte del Agora.<\/p><p>En este punto, las excavaciones sacaron a la luz la <strong>Estoa Basileos<\/strong>, sede del Arconte bajo cuya presidencia<strong> se reun\u00eda el consejo de los Aer\u00f3pagos para juzgar casos de homicido, incendio y sacrilegio<\/strong>. <strong>Aqu\u00ed se celebr\u00f3 en el 399 el juicio contra S\u00f3crates.<\/strong><\/p><p>En el lado norte, podemos ver <strong>los restos de la Eliaia<\/strong>, el Tribunal m\u00e1s importante del \u00c1tica. Durante el per\u00edodo helen\u00edstico, se construyeron en el lado oriental y meridional del \u00c1gora tres amplios p\u00f3rticos a dos niveles. <strong>El rey egipcio Tolomeo VI<\/strong> dedic\u00f3, probablemente, como gimnasio el p\u00f3rtico sur. De \u00e9l nos quedan en la actualidad s\u00f3lo unos cuantos restos sobre los cuales se edificar\u00edan m\u00e1s tarde los ba\u00f1os p\u00fablicos.<\/p><p><strong>El p\u00f3rtico oriental fue construido por Atalo II, rey de P\u00e9rgamo<\/strong> (159-138 a.C.) y hoy d\u00eda domina el \u00c1gora, tras una atenta y cuidadosa remodelaci\u00f3n llevada a cabo por la Escuela americana entre 1953 y 1956. La fachada, restaurada con m\u00e1rmol pent\u00e9lico, tiene 116,5 metros de largo, 45 columnas d\u00f3ricas en el nivel inferior y 45 columnas j\u00f3nicas en el superior. El interior mide 19,5 metros de profundidad y est\u00e1 dividido en dos naves mediante una hilera longitudinal de 25 columnas de orden j\u00f3nico en el nivel inferior y 25 de orden corintio en el superior.<\/p><p>En el <strong>a\u00f1o 267 d.C., la Estoa de Atalo fue incendiada por los h\u00e9rulos<\/strong>. Sus restos quedar\u00edan posteriormente incorporados a los nuevos muros. En la actualidad podemos observar su estructura desde el segundo piso. La Estoa alberga el Museo del \u00c1gora donde se exhiben los hallazgos de las excavaciones arqueol\u00f3gicas.\u00a0<\/p><p>En \u00e9poca romana, en el 14 a.C., el yerno de Augusto, Agripa, levant\u00f3 en el centro de la plaza un grandioso edificio: el <strong>Ode\u00f3n<\/strong>. Era un auditorio semicircular colocado en el interior de un local cerrado de planta cuadrangular, que ten\u00eda en cada lado hileras longitudinales de columnas, cubiertas y a dos niveles. <strong>El Ode\u00f3n fue destruido en el 267 d.C.<\/strong> Sobre sus ruinas se edific\u00f3 hacia el 400 d.C. el imponente <strong>Gimnasio de los Gigantes<\/strong>, denominado as\u00ed por las colosales estatuas de un gigante y dos tritones que decoraban el propileo y que podemos contemplar a\u00fan hoy.<\/p>\t\t\t\t\t\t\t\t<\/div>\n\t\t\t\t<\/div>\n\t\t\t\t\t<\/div>\n\t\t<\/div>\n\t\t\t\t\t<\/div>\n\t\t<\/section>\n\t\t\t\t\t<\/div>\n\t\t<\/div>\n\t\t\t\t\t<\/div>\n\t\t<\/section>\n\t\t\t\t<section class=\"elementor-section elementor-top-section elementor-element elementor-element-20635bf elementor-section-boxed elementor-section-height-default elementor-section-height-default\" data-id=\"20635bf\" data-element_type=\"section\" data-e-type=\"section\">\n\t\t\t\t\t\t<div class=\"elementor-container elementor-column-gap-default\">\n\t\t\t\t\t<div class=\"elementor-column elementor-col-100 elementor-top-column elementor-element elementor-element-533c02a\" data-id=\"533c02a\" data-element_type=\"column\" data-e-type=\"column\">\n\t\t\t<div class=\"elementor-widget-wrap elementor-element-populated\">\n\t\t\t\t\t\t<div class=\"elementor-element elementor-element-33243dc elementor-widget elementor-widget-html\" data-id=\"33243dc\" data-element_type=\"widget\" data-e-type=\"widget\" data-widget_type=\"html.default\">\n\t\t\t\t<div class=\"elementor-widget-container\">\n\t\t\t\t\t<script async src=\"\/\/pagead2.googlesyndication.com\/pagead\/js\/adsbygoogle.js\"><\/script>\n<!-- Historia y Arqueologia 728x90 -->\n<ins class=\"adsbygoogle\"\n     style=\"display:inline-block;width:728px;height:90px\"\n     data-ad-client=\"ca-pub-3333290982990251\"\n     data-ad-slot=\"9452958860\"><\/ins>\n<script>\n(adsbygoogle = window.adsbygoogle || []).push({});\n<\/script>\t\t\t\t<\/div>\n\t\t\t\t<\/div>\n\t\t\t\t\t<\/div>\n\t\t<\/div>\n\t\t\t\t\t<\/div>\n\t\t<\/section>\n\t\t\t\t<section class=\"elementor-section elementor-top-section elementor-element elementor-element-c59389c elementor-section-boxed elementor-section-height-default elementor-section-height-default\" data-id=\"c59389c\" data-element_type=\"section\" data-e-type=\"section\">\n\t\t\t\t\t\t<div class=\"elementor-container elementor-column-gap-default\">\n\t\t\t\t\t<div class=\"elementor-column elementor-col-100 elementor-top-column elementor-element elementor-element-118b727\" data-id=\"118b727\" data-element_type=\"column\" data-e-type=\"column\">\n\t\t\t<div class=\"elementor-widget-wrap elementor-element-populated\">\n\t\t\t\t\t\t<section class=\"elementor-section elementor-inner-section elementor-element elementor-element-2885932 elementor-section-boxed elementor-section-height-default elementor-section-height-default\" data-id=\"2885932\" data-element_type=\"section\" data-e-type=\"section\">\n\t\t\t\t\t\t<div class=\"elementor-container elementor-column-gap-default\">\n\t\t\t\t\t<div class=\"elementor-column elementor-col-50 elementor-inner-column elementor-element elementor-element-4e55a32\" data-id=\"4e55a32\" data-element_type=\"column\" data-e-type=\"column\">\n\t\t\t<div class=\"elementor-widget-wrap elementor-element-populated\">\n\t\t\t\t\t\t<div class=\"elementor-element elementor-element-ad1b597 elementor-view-stacked elementor-shape-circle elementor-widget elementor-widget-icon\" data-id=\"ad1b597\" data-element_type=\"widget\" data-e-type=\"widget\" data-widget_type=\"icon.default\">\n\t\t\t\t<div class=\"elementor-widget-container\">\n\t\t\t\t\t\t\t<div class=\"elementor-icon-wrapper\">\n\t\t\t<a class=\"elementor-icon\" href=\"https:\/\/www.historiayarqueologia.net\/el-odeon-de-herodes-compara-ahora-y-antes-10-fotos-de-grecia\">\n\t\t\t\t\t\t\t<i class=\"fa fa-arrow-left\" aria-hidden=\"true\"><\/i>\n\t\t\t\t\t\t<\/a>\n\t\t<\/div>\n\t\t\t\t\t\t<\/div>\n\t\t\t\t<\/div>\n\t\t\t\t<div class=\"elementor-element elementor-element-e532a60 elementor-widget elementor-widget-heading\" data-id=\"e532a60\" data-element_type=\"widget\" data-e-type=\"widget\" data-widget_type=\"heading.default\">\n\t\t\t\t<div class=\"elementor-widget-container\">\n\t\t\t\t\t<h2 class=\"elementor-heading-title elementor-size-default\">07- El Ode\u00f3n de Herodes<\/h2>\t\t\t\t<\/div>\n\t\t\t\t<\/div>\n\t\t\t\t\t<\/div>\n\t\t<\/div>\n\t\t\t\t<div class=\"elementor-column elementor-col-50 elementor-inner-column elementor-element elementor-element-cabb4f0\" data-id=\"cabb4f0\" data-element_type=\"column\" data-e-type=\"column\">\n\t\t\t<div class=\"elementor-widget-wrap elementor-element-populated\">\n\t\t\t\t\t\t<div class=\"elementor-element elementor-element-3132437 elementor-view-stacked elementor-shape-circle elementor-widget elementor-widget-icon\" data-id=\"3132437\" data-element_type=\"widget\" data-e-type=\"widget\" data-widget_type=\"icon.default\">\n\t\t\t\t<div class=\"elementor-widget-container\">\n\t\t\t\t\t\t\t<div class=\"elementor-icon-wrapper\">\n\t\t\t<a class=\"elementor-icon\" href=\"https:\/\/www.historiayarqueologia.net\/el-templo-de-poseidon-compara-ahora-y-antes-grecia\">\n\t\t\t\t\t\t\t<i class=\"fa fa-arrow-right\" aria-hidden=\"true\"><\/i>\n\t\t\t\t\t\t<\/a>\n\t\t<\/div>\n\t\t\t\t\t\t<\/div>\n\t\t\t\t<\/div>\n\t\t\t\t<div class=\"elementor-element elementor-element-abe121b elementor-widget elementor-widget-heading\" data-id=\"abe121b\" data-element_type=\"widget\" data-e-type=\"widget\" data-widget_type=\"heading.default\">\n\t\t\t\t<div class=\"elementor-widget-container\">\n\t\t\t\t\t<h2 class=\"elementor-heading-title elementor-size-default\">09 - El Templo de Poseid\u00f3n<\/h2>\t\t\t\t<\/div>\n\t\t\t\t<\/div>\n\t\t\t\t\t<\/div>\n\t\t<\/div>\n\t\t\t\t\t<\/div>\n\t\t<\/section>\n\t\t\t\t\t<\/div>\n\t\t<\/div>\n\t\t\t\t\t<\/div>\n\t\t<\/section>\n\t\t\t\t<section class=\"elementor-section elementor-top-section elementor-element elementor-element-c609307 elementor-section-boxed elementor-section-height-default elementor-section-height-default\" data-id=\"c609307\" data-element_type=\"section\" data-e-type=\"section\">\n\t\t\t\t\t\t<div class=\"elementor-container elementor-column-gap-default\">\n\t\t\t\t\t<div class=\"elementor-column elementor-col-100 elementor-top-column elementor-element elementor-element-366eb2a\" data-id=\"366eb2a\" data-element_type=\"column\" data-e-type=\"column\">\n\t\t\t<div class=\"elementor-widget-wrap elementor-element-populated\">\n\t\t\t\t\t\t<div class=\"elementor-element elementor-element-a2d7d28 elementor-widget elementor-widget-html\" data-id=\"a2d7d28\" data-element_type=\"widget\" data-e-type=\"widget\" data-widget_type=\"html.default\">\n\t\t\t\t<div class=\"elementor-widget-container\">\n\t\t\t\t\t<script async src=\"\/\/pagead2.googlesyndication.com\/pagead\/js\/adsbygoogle.js\"><\/script>\n<!-- Historia y Arqueologia 728x90 -->\n<ins class=\"adsbygoogle\"\n     style=\"display:inline-block;width:728px;height:90px\"\n     data-ad-client=\"ca-pub-3333290982990251\"\n     data-ad-slot=\"9452958860\"><\/ins>\n<script>\n(adsbygoogle = window.adsbygoogle || []).push({});\n<\/script>\t\t\t\t<\/div>\n\t\t\t\t<\/div>\n\t\t\t\t\t<\/div>\n\t\t<\/div>\n\t\t\t\t\t<\/div>\n\t\t<\/section>\n\t\t\t\t<\/div>\n\t\t","protected":false},"excerpt":{"rendered":"<p>08 de 10- El \u00c1gora &#8211; Ahora y antes &lt; \/i&gt;\u00bb,\u00bbnextArrow\u00bb:\u00bb&lt; \/i&gt;\u00bb,\u00bbfade\u00bb:true}&#8217;&gt; El \u00c1gora. Durante el per\u00edodo arcaico en la cara noroeste de la Acr\u00f3polis, entre las colinas de las Ninfas y los Aer\u00f3pagos s\u00f3lo hab\u00eda un cementerio. Sin embargo, desde el 600 a.C., este lugar se va paulatinamente edificando y habitando y en no [&hellip;]<\/p>\n","protected":false},"author":1,"featured_media":2027,"comment_status":"open","ping_status":"closed","sticky":false,"template":"elementor_header_footer","format":"standard","meta":{"_jetpack_memberships_contains_paid_content":false,"footnotes":"","jetpack_publicize_message":"El \u00c1gora, compara ahora y antes - 10 fotos de Grecia","jetpack_publicize_feature_enabled":true,"jetpack_social_post_already_shared":true,"jetpack_social_options":{"image_generator_settings":{"template":"highway","default_image_id":0,"font":"","enabled":false},"version":2}},"categories":[1],"tags":[],"class_list":["post-2018","post","type-post","status-publish","format-standard","has-post-thumbnail","hentry","category-historia-antigua"],"jetpack_publicize_connections":[],"jetpack_featured_media_url":"https:\/\/www.historiayarqueologia.net\/wp-content\/uploads\/agora-cabecera.jpg","jetpack_sharing_enabled":true,"_links":{"self":[{"href":"https:\/\/www.historiayarqueologia.net\/index.php?rest_route=\/wp\/v2\/posts\/2018","targetHints":{"allow":["GET"]}}],"collection":[{"href":"https:\/\/www.historiayarqueologia.net\/index.php?rest_route=\/wp\/v2\/posts"}],"about":[{"href":"https:\/\/www.historiayarqueologia.net\/index.php?rest_route=\/wp\/v2\/types\/post"}],"author":[{"embeddable":true,"href":"https:\/\/www.historiayarqueologia.net\/index.php?rest_route=\/wp\/v2\/users\/1"}],"replies":[{"embeddable":true,"href":"https:\/\/www.historiayarqueologia.net\/index.php?rest_route=%2Fwp%2Fv2%2Fcomments&post=2018"}],"version-history":[{"count":15,"href":"https:\/\/www.historiayarqueologia.net\/index.php?rest_route=\/wp\/v2\/posts\/2018\/revisions"}],"predecessor-version":[{"id":2088,"href":"https:\/\/www.historiayarqueologia.net\/index.php?rest_route=\/wp\/v2\/posts\/2018\/revisions\/2088"}],"wp:featuredmedia":[{"embeddable":true,"href":"https:\/\/www.historiayarqueologia.net\/index.php?rest_route=\/wp\/v2\/media\/2027"}],"wp:attachment":[{"href":"https:\/\/www.historiayarqueologia.net\/index.php?rest_route=%2Fwp%2Fv2%2Fmedia&parent=2018"}],"wp:term":[{"taxonomy":"category","embeddable":true,"href":"https:\/\/www.historiayarqueologia.net\/index.php?rest_route=%2Fwp%2Fv2%2Fcategories&post=2018"},{"taxonomy":"post_tag","embeddable":true,"href":"https:\/\/www.historiayarqueologia.net\/index.php?rest_route=%2Fwp%2Fv2%2Ftags&post=2018"}],"curies":[{"name":"wp","href":"https:\/\/api.w.org\/{rel}","templated":true}]}}