{"id":2005,"date":"2018-08-19T13:15:26","date_gmt":"2018-08-19T11:15:26","guid":{"rendered":"https:\/\/www.historiayarqueologia.net\/?p=2005"},"modified":"2018-08-19T13:15:26","modified_gmt":"2018-08-19T11:15:26","slug":"el-odeon-de-herodes-compara-ahora-y-antes-10-fotos-de-grecia","status":"publish","type":"post","link":"https:\/\/www.historiayarqueologia.net\/?p=2005","title":{"rendered":"El Ode\u00f3n de Herodes, compara ahora y antes &#8211; 10 fotos de Grecia"},"content":{"rendered":"\t\t<div data-elementor-type=\"wp-post\" data-elementor-id=\"2005\" class=\"elementor elementor-2005 elementor-bc-flex-widget\" data-elementor-post-type=\"post\">\n\t\t\t\t\t\t<section class=\"elementor-section elementor-top-section elementor-element elementor-element-c163bee elementor-section-boxed elementor-section-height-default elementor-section-height-default\" data-id=\"c163bee\" data-element_type=\"section\" data-e-type=\"section\">\n\t\t\t\t\t\t<div class=\"elementor-container elementor-column-gap-default\">\n\t\t\t\t\t<div class=\"elementor-column elementor-col-100 elementor-top-column elementor-element elementor-element-653065c\" data-id=\"653065c\" data-element_type=\"column\" data-e-type=\"column\">\n\t\t\t<div class=\"elementor-widget-wrap elementor-element-populated\">\n\t\t\t\t\t\t<div class=\"elementor-element elementor-element-ce10d72 elementor-widget elementor-widget-heading\" data-id=\"ce10d72\" data-element_type=\"widget\" data-e-type=\"widget\" data-widget_type=\"heading.default\">\n\t\t\t\t<div class=\"elementor-widget-container\">\n\t\t\t\t\t<h2 class=\"elementor-heading-title elementor-size-default\">07 de 10- El Ode\u00f3n de Herodes \u00c1tico - Ahora y antes<\/h2>\t\t\t\t<\/div>\n\t\t\t\t<\/div>\n\t\t\t\t\t<\/div>\n\t\t<\/div>\n\t\t\t\t\t<\/div>\n\t\t<\/section>\n\t\t\t\t<section class=\"elementor-section elementor-top-section elementor-element elementor-element-1a1b9e1 elementor-section-boxed elementor-section-height-default elementor-section-height-default\" data-id=\"1a1b9e1\" data-element_type=\"section\" data-e-type=\"section\">\n\t\t\t\t\t\t<div class=\"elementor-container elementor-column-gap-default\">\n\t\t\t\t\t<div class=\"elementor-column elementor-col-100 elementor-top-column elementor-element elementor-element-e00f2d7\" data-id=\"e00f2d7\" data-element_type=\"column\" data-e-type=\"column\">\n\t\t\t<div class=\"elementor-widget-wrap elementor-element-populated\">\n\t\t\t\t\t\t<section class=\"elementor-section elementor-inner-section elementor-element elementor-element-1f7d71b elementor-section-boxed elementor-section-height-default elementor-section-height-default\" data-id=\"1f7d71b\" data-element_type=\"section\" data-e-type=\"section\">\n\t\t\t\t\t\t<div class=\"elementor-container elementor-column-gap-default\">\n\t\t\t\t\t<div class=\"elementor-column elementor-col-50 elementor-inner-column elementor-element elementor-element-831ef67\" data-id=\"831ef67\" data-element_type=\"column\" data-e-type=\"column\">\n\t\t\t<div class=\"elementor-widget-wrap elementor-element-populated\">\n\t\t\t\t\t\t<div class=\"elementor-element elementor-element-08272ef elementor-widget elementor-widget-text-editor\" data-id=\"08272ef\" data-element_type=\"widget\" data-e-type=\"widget\" data-widget_type=\"text-editor.default\">\n\t\t\t\t<div class=\"elementor-widget-container\">\n\t\t\t\t\t\t\t\t\t<p><strong>EL ODE\u00d3N DE HERODES \u00c1TICO<\/strong> &#8211; En el a\u00f1o 161 d.C., el <strong>noble griego Tiberio Claudio H\u00e9rodes Atico<\/strong> levant\u00f3 un teatro en memoria de su esposa,<strong> Ana Aspasia Regila<\/strong>.<\/p><p>El edificio era un local cerrado que albergaba espect\u00e1culos musicales. De ah\u00ed el nombre de Ode\u00f3n. La parte dedicada al auditorio,<strong> el koilon<\/strong>, ten\u00eda<strong> 32 filas de asientos<\/strong> y pod\u00eda dar cabida a unos <strong>5000 espectadores<\/strong>. A los asientos se llegaba por <strong>seis escaleras oblongas<\/strong> y <strong>cinco m\u00e1s<\/strong> para las filas m\u00e1s superiores.<\/p><p>Como era tradicional en los <strong>teatros romanos<\/strong>, la orchestra ten\u00eda planta semicircular y los asientos comunicaban directamente con el escenario. Este \u00faltimo estaba situado en la parte posterior de la escena y ten\u00eda tres niveles, dos de los cuales se conservan todav\u00eda.<\/p><p><strong>La fachada<\/strong> estaba adornada con una <strong>doble hilera de columnas<\/strong> y las entradas se abr\u00edan en los extremos de la parte posterior.<\/p><p>\u00a0<\/p>\t\t\t\t\t\t\t\t<\/div>\n\t\t\t\t<\/div>\n\t\t\t\t\t<\/div>\n\t\t<\/div>\n\t\t\t\t<div class=\"elementor-column elementor-col-50 elementor-inner-column elementor-element elementor-element-12f67c9\" data-id=\"12f67c9\" data-element_type=\"column\" data-e-type=\"column\">\n\t\t\t<div class=\"elementor-widget-wrap elementor-element-populated\">\n\t\t\t\t\t\t<div class=\"elementor-element elementor-element-e711e3c elementor-widget elementor-widget-text-editor\" data-id=\"e711e3c\" data-element_type=\"widget\" data-e-type=\"widget\" data-widget_type=\"text-editor.default\">\n\t\t\t\t<div class=\"elementor-widget-container\">\n\t\t\t\t\t\t\t\t\t<p>Entre 1950 y 1961, se restaur\u00f3 el \u00e1rea del auditorio y se paviment\u00f3 con m\u00e1rmol jent\u00e9lico. Tambi\u00e9n se paviment\u00f3 la orchestra, en este caso con m\u00e1rmol de Himeto. Todo ello con el objetivo de volver a representar en el Ode\u00f3n las tragedias y comedias del teatro cl\u00e1sico, tradici\u00f3n que revive todos los veranos en el Festival de Atenas. <strong>El Ode\u00f3n de H\u00e9rodes Atico y el Teatro de Dionisio se comunican mediante una estoa (\u00abp\u00f3rtico\u00bb) de la misma \u00e9poca que el Ode\u00f3n.<\/strong><\/p><p><strong>La estoa<\/strong> tiene dos naves de <strong>163 metros de longitud y 17,65 metros de anchura<\/strong> y forma una galer\u00eda que corre al lado sur de la Acr\u00f3polis. <strong>Se llam\u00f3 Estoa de Eumenes<\/strong> <strong>por<\/strong> el nombre de su donador: <strong>el rey de P\u00e9rgamo Eumenes II,<\/strong> ferviente admirador de Atenas, quien vivi\u00f3 en el siglo II d.C. El p\u00f3rtico serv\u00eda como refugio para los espectadores en caso de mal tiempo. Fue destruido por los turcos, aunque se conservan a\u00fan algunos muros en las laderas de la colina sagrada.\u00a0<\/p>\t\t\t\t\t\t\t\t<\/div>\n\t\t\t\t<\/div>\n\t\t\t\t\t<\/div>\n\t\t<\/div>\n\t\t\t\t\t<\/div>\n\t\t<\/section>\n\t\t\t\t\t<\/div>\n\t\t<\/div>\n\t\t\t\t\t<\/div>\n\t\t<\/section>\n\t\t\t\t<section class=\"elementor-section elementor-top-section elementor-element elementor-element-20635bf elementor-section-boxed elementor-section-height-default elementor-section-height-default\" data-id=\"20635bf\" data-element_type=\"section\" data-e-type=\"section\">\n\t\t\t\t\t\t<div class=\"elementor-container elementor-column-gap-default\">\n\t\t\t\t\t<div class=\"elementor-column elementor-col-100 elementor-top-column elementor-element elementor-element-533c02a\" data-id=\"533c02a\" data-element_type=\"column\" data-e-type=\"column\">\n\t\t\t<div class=\"elementor-widget-wrap elementor-element-populated\">\n\t\t\t\t\t\t<div class=\"elementor-element elementor-element-33243dc elementor-widget elementor-widget-html\" data-id=\"33243dc\" data-element_type=\"widget\" data-e-type=\"widget\" data-widget_type=\"html.default\">\n\t\t\t\t<div class=\"elementor-widget-container\">\n\t\t\t\t\t<script async src=\"\/\/pagead2.googlesyndication.com\/pagead\/js\/adsbygoogle.js\"><\/script>\n<!-- Historia y Arqueologia 728x90 -->\n<ins class=\"adsbygoogle\"\n     style=\"display:inline-block;width:728px;height:90px\"\n     data-ad-client=\"ca-pub-3333290982990251\"\n     data-ad-slot=\"9452958860\"><\/ins>\n<script>\n(adsbygoogle = window.adsbygoogle || []).push({});\n<\/script>\t\t\t\t<\/div>\n\t\t\t\t<\/div>\n\t\t\t\t\t<\/div>\n\t\t<\/div>\n\t\t\t\t\t<\/div>\n\t\t<\/section>\n\t\t\t\t<section class=\"elementor-section elementor-top-section elementor-element elementor-element-3f99efe elementor-section-boxed elementor-section-height-default elementor-section-height-default\" data-id=\"3f99efe\" data-element_type=\"section\" data-e-type=\"section\">\n\t\t\t\t\t\t<div class=\"elementor-container elementor-column-gap-default\">\n\t\t\t\t\t<div class=\"elementor-column elementor-col-100 elementor-top-column elementor-element elementor-element-5375e28\" data-id=\"5375e28\" data-element_type=\"column\" data-e-type=\"column\">\n\t\t\t<div class=\"elementor-widget-wrap elementor-element-populated\">\n\t\t\t\t\t\t<section class=\"elementor-section elementor-inner-section elementor-element elementor-element-62aa682 elementor-section-boxed elementor-section-height-default elementor-section-height-default\" data-id=\"62aa682\" data-element_type=\"section\" data-e-type=\"section\">\n\t\t\t\t\t\t<div class=\"elementor-container elementor-column-gap-default\">\n\t\t\t\t\t<div class=\"elementor-column elementor-col-50 elementor-inner-column elementor-element elementor-element-cfd6262\" data-id=\"cfd6262\" data-element_type=\"column\" data-e-type=\"column\">\n\t\t\t<div class=\"elementor-widget-wrap elementor-element-populated\">\n\t\t\t\t\t\t<div class=\"elementor-element elementor-element-78988e5 elementor-view-stacked elementor-shape-circle elementor-widget elementor-widget-icon\" data-id=\"78988e5\" data-element_type=\"widget\" data-e-type=\"widget\" data-widget_type=\"icon.default\">\n\t\t\t\t<div class=\"elementor-widget-container\">\n\t\t\t\t\t\t\t<div class=\"elementor-icon-wrapper\">\n\t\t\t<a class=\"elementor-icon\" href=\"https:\/\/www.historiayarqueologia.net\/el-teatro-de-dionisos-compara-ahora-y-antes-10-fotos-de-grecia\">\n\t\t\t\t\t\t\t<i class=\"fa fa-arrow-left\" aria-hidden=\"true\"><\/i>\n\t\t\t\t\t\t<\/a>\n\t\t<\/div>\n\t\t\t\t\t\t<\/div>\n\t\t\t\t<\/div>\n\t\t\t\t<div class=\"elementor-element elementor-element-7635d88 elementor-widget elementor-widget-heading\" data-id=\"7635d88\" data-element_type=\"widget\" data-e-type=\"widget\" data-widget_type=\"heading.default\">\n\t\t\t\t<div class=\"elementor-widget-container\">\n\t\t\t\t\t<h2 class=\"elementor-heading-title elementor-size-default\">06 - El Teatro de Dionisos<\/h2>\t\t\t\t<\/div>\n\t\t\t\t<\/div>\n\t\t\t\t\t<\/div>\n\t\t<\/div>\n\t\t\t\t<div class=\"elementor-column elementor-col-50 elementor-inner-column elementor-element elementor-element-ab6652f\" data-id=\"ab6652f\" data-element_type=\"column\" data-e-type=\"column\">\n\t\t\t<div class=\"elementor-widget-wrap elementor-element-populated\">\n\t\t\t\t\t\t<div class=\"elementor-element elementor-element-7791ddd elementor-view-stacked elementor-shape-circle elementor-widget elementor-widget-icon\" data-id=\"7791ddd\" data-element_type=\"widget\" data-e-type=\"widget\" data-widget_type=\"icon.default\">\n\t\t\t\t<div class=\"elementor-widget-container\">\n\t\t\t\t\t\t\t<div class=\"elementor-icon-wrapper\">\n\t\t\t<a class=\"elementor-icon\" href=\"https:\/\/www.historiayarqueologia.net\/el-agora-compara-ahora-y-antes-grecia\">\n\t\t\t\t\t\t\t<i class=\"fa fa-arrow-right\" aria-hidden=\"true\"><\/i>\n\t\t\t\t\t\t<\/a>\n\t\t<\/div>\n\t\t\t\t\t\t<\/div>\n\t\t\t\t<\/div>\n\t\t\t\t<div class=\"elementor-element elementor-element-d790bff elementor-widget elementor-widget-heading\" data-id=\"d790bff\" data-element_type=\"widget\" data-e-type=\"widget\" data-widget_type=\"heading.default\">\n\t\t\t\t<div class=\"elementor-widget-container\">\n\t\t\t\t\t<h2 class=\"elementor-heading-title elementor-size-default\">08- El \u00c1gora<\/h2>\t\t\t\t<\/div>\n\t\t\t\t<\/div>\n\t\t\t\t\t<\/div>\n\t\t<\/div>\n\t\t\t\t\t<\/div>\n\t\t<\/section>\n\t\t\t\t\t<\/div>\n\t\t<\/div>\n\t\t\t\t\t<\/div>\n\t\t<\/section>\n\t\t\t\t<section class=\"elementor-section elementor-top-section elementor-element elementor-element-c609307 elementor-section-boxed elementor-section-height-default elementor-section-height-default\" data-id=\"c609307\" data-element_type=\"section\" data-e-type=\"section\">\n\t\t\t\t\t\t<div class=\"elementor-container elementor-column-gap-default\">\n\t\t\t\t\t<div class=\"elementor-column elementor-col-100 elementor-top-column elementor-element elementor-element-366eb2a\" data-id=\"366eb2a\" data-element_type=\"column\" data-e-type=\"column\">\n\t\t\t<div class=\"elementor-widget-wrap elementor-element-populated\">\n\t\t\t\t\t\t<div class=\"elementor-element elementor-element-a2d7d28 elementor-widget elementor-widget-html\" data-id=\"a2d7d28\" data-element_type=\"widget\" data-e-type=\"widget\" data-widget_type=\"html.default\">\n\t\t\t\t<div class=\"elementor-widget-container\">\n\t\t\t\t\t<script async src=\"\/\/pagead2.googlesyndication.com\/pagead\/js\/adsbygoogle.js\"><\/script>\n<!-- Historia y Arqueologia 728x90 -->\n<ins class=\"adsbygoogle\"\n     style=\"display:inline-block;width:728px;height:90px\"\n     data-ad-client=\"ca-pub-3333290982990251\"\n     data-ad-slot=\"9452958860\"><\/ins>\n<script>\n(adsbygoogle = window.adsbygoogle || []).push({});\n<\/script>\t\t\t\t<\/div>\n\t\t\t\t<\/div>\n\t\t\t\t\t<\/div>\n\t\t<\/div>\n\t\t\t\t\t<\/div>\n\t\t<\/section>\n\t\t\t\t<\/div>\n\t\t","protected":false},"excerpt":{"rendered":"<p>07 de 10- El Ode\u00f3n de Herodes \u00c1tico &#8211; Ahora y antes &lt; \/i&gt;\u00bb,\u00bbnextArrow\u00bb:\u00bb&lt; \/i&gt;\u00bb,\u00bbfade\u00bb:true}&#8217;&gt; EL ODE\u00d3N DE HERODES \u00c1TICO &#8211; En el a\u00f1o 161 d.C., el noble griego Tiberio Claudio H\u00e9rodes Atico levant\u00f3 un teatro en memoria de su esposa, Ana Aspasia Regila. El edificio era un local cerrado que albergaba espect\u00e1culos musicales. De [&hellip;]<\/p>\n","protected":false},"author":1,"featured_media":2015,"comment_status":"open","ping_status":"closed","sticky":false,"template":"elementor_header_footer","format":"standard","meta":{"_jetpack_memberships_contains_paid_content":false,"footnotes":"","jetpack_publicize_message":"El Ode\u00f3n de Herodes, compara ahora y antes - 10 fotos de Grecia","jetpack_publicize_feature_enabled":true,"jetpack_social_post_already_shared":true,"jetpack_social_options":{"image_generator_settings":{"template":"highway","default_image_id":0,"font":"","enabled":false},"version":2}},"categories":[1],"tags":[],"class_list":["post-2005","post","type-post","status-publish","format-standard","has-post-thumbnail","hentry","category-historia-antigua"],"jetpack_publicize_connections":[],"jetpack_featured_media_url":"https:\/\/www.historiayarqueologia.net\/wp-content\/uploads\/odeon-herodes-cabecera.jpg","jetpack_sharing_enabled":true,"_links":{"self":[{"href":"https:\/\/www.historiayarqueologia.net\/index.php?rest_route=\/wp\/v2\/posts\/2005","targetHints":{"allow":["GET"]}}],"collection":[{"href":"https:\/\/www.historiayarqueologia.net\/index.php?rest_route=\/wp\/v2\/posts"}],"about":[{"href":"https:\/\/www.historiayarqueologia.net\/index.php?rest_route=\/wp\/v2\/types\/post"}],"author":[{"embeddable":true,"href":"https:\/\/www.historiayarqueologia.net\/index.php?rest_route=\/wp\/v2\/users\/1"}],"replies":[{"embeddable":true,"href":"https:\/\/www.historiayarqueologia.net\/index.php?rest_route=%2Fwp%2Fv2%2Fcomments&post=2005"}],"version-history":[{"count":10,"href":"https:\/\/www.historiayarqueologia.net\/index.php?rest_route=\/wp\/v2\/posts\/2005\/revisions"}],"predecessor-version":[{"id":2074,"href":"https:\/\/www.historiayarqueologia.net\/index.php?rest_route=\/wp\/v2\/posts\/2005\/revisions\/2074"}],"wp:featuredmedia":[{"embeddable":true,"href":"https:\/\/www.historiayarqueologia.net\/index.php?rest_route=\/wp\/v2\/media\/2015"}],"wp:attachment":[{"href":"https:\/\/www.historiayarqueologia.net\/index.php?rest_route=%2Fwp%2Fv2%2Fmedia&parent=2005"}],"wp:term":[{"taxonomy":"category","embeddable":true,"href":"https:\/\/www.historiayarqueologia.net\/index.php?rest_route=%2Fwp%2Fv2%2Fcategories&post=2005"},{"taxonomy":"post_tag","embeddable":true,"href":"https:\/\/www.historiayarqueologia.net\/index.php?rest_route=%2Fwp%2Fv2%2Ftags&post=2005"}],"curies":[{"name":"wp","href":"https:\/\/api.w.org\/{rel}","templated":true}]}}