{"id":1952,"date":"2018-08-19T13:15:53","date_gmt":"2018-08-19T11:15:53","guid":{"rendered":"https:\/\/www.historiayarqueologia.net\/?p=1952"},"modified":"2018-08-19T13:15:53","modified_gmt":"2018-08-19T11:15:53","slug":"el-promontorio-compara-ahora-y-antes-grecia","status":"publish","type":"post","link":"https:\/\/www.historiayarqueologia.net\/?p=1952","title":{"rendered":"El Promontorio, compara ahora y antes &#8211; 10 fotos de Grecia"},"content":{"rendered":"\t\t<div data-elementor-type=\"wp-post\" data-elementor-id=\"1952\" class=\"elementor elementor-1952 elementor-bc-flex-widget\" data-elementor-post-type=\"post\">\n\t\t\t\t\t\t<section class=\"elementor-section elementor-top-section elementor-element elementor-element-c163bee elementor-section-boxed elementor-section-height-default elementor-section-height-default\" data-id=\"c163bee\" data-element_type=\"section\" data-e-type=\"section\">\n\t\t\t\t\t\t<div class=\"elementor-container elementor-column-gap-default\">\n\t\t\t\t\t<div class=\"elementor-column elementor-col-100 elementor-top-column elementor-element elementor-element-653065c\" data-id=\"653065c\" data-element_type=\"column\" data-e-type=\"column\">\n\t\t\t<div class=\"elementor-widget-wrap elementor-element-populated\">\n\t\t\t\t\t\t<div class=\"elementor-element elementor-element-ce10d72 elementor-widget elementor-widget-heading\" data-id=\"ce10d72\" data-element_type=\"widget\" data-e-type=\"widget\" data-widget_type=\"heading.default\">\n\t\t\t\t<div class=\"elementor-widget-container\">\n\t\t\t\t\t<h2 class=\"elementor-heading-title elementor-size-default\">03 de 10- El Promontorio - Ahora y antes<\/h2>\t\t\t\t<\/div>\n\t\t\t\t<\/div>\n\t\t\t\t\t<\/div>\n\t\t<\/div>\n\t\t\t\t\t<\/div>\n\t\t<\/section>\n\t\t\t\t<section class=\"elementor-section elementor-top-section elementor-element elementor-element-1a1b9e1 elementor-section-boxed elementor-section-height-default elementor-section-height-default\" data-id=\"1a1b9e1\" data-element_type=\"section\" data-e-type=\"section\">\n\t\t\t\t\t\t<div class=\"elementor-container elementor-column-gap-default\">\n\t\t\t\t\t<div class=\"elementor-column elementor-col-100 elementor-top-column elementor-element elementor-element-e00f2d7\" data-id=\"e00f2d7\" data-element_type=\"column\" data-e-type=\"column\">\n\t\t\t<div class=\"elementor-widget-wrap elementor-element-populated\">\n\t\t\t\t\t\t<section class=\"elementor-section elementor-inner-section elementor-element elementor-element-1f7d71b elementor-section-boxed elementor-section-height-default elementor-section-height-default\" data-id=\"1f7d71b\" data-element_type=\"section\" data-e-type=\"section\">\n\t\t\t\t\t\t<div class=\"elementor-container elementor-column-gap-default\">\n\t\t\t\t\t<div class=\"elementor-column elementor-col-50 elementor-inner-column elementor-element elementor-element-831ef67\" data-id=\"831ef67\" data-element_type=\"column\" data-e-type=\"column\">\n\t\t\t<div class=\"elementor-widget-wrap elementor-element-populated\">\n\t\t\t\t\t\t<div class=\"elementor-element elementor-element-08272ef elementor-widget elementor-widget-text-editor\" data-id=\"08272ef\" data-element_type=\"widget\" data-e-type=\"widget\" data-widget_type=\"text-editor.default\">\n\t\t\t\t<div class=\"elementor-widget-container\">\n\t\t\t\t\t\t\t\t\t<p>Saliendo de los Propileos, en el mismo \u00e1ngulo y en el punto m\u00e1s destacado del promontorio sacro de la Acr\u00f3polis, podemos ver <strong>el imponente templo de la diosa Atenea: el Parten\u00f3n<\/strong>.<\/p><p>Una vez, exactamente enfrente de los Propileos, se ergu\u00eda la <strong>colosal estatua de bronce dorado de Atenea Pr\u00f3maco<\/strong>, la diosa armada para la lucha que protege la ciudad. Esta obra de <strong>Fidias<\/strong> med\u00eda siete metros y medio de altura. Iluminada por los rayos del sol lanzaba destellos que pod\u00edan divisar los marineros que deseaban alcanzar el puerto de Pireo.<\/p><p>En el lado sur del promontorio estaban los <strong>T\u00e9menos de Hig\u00eda<\/strong> (\u00abla Salud\u00bb) y de <strong>Artemisa Brauronia<\/strong>, as\u00ed como tambi\u00e9n<strong> la Calcoteca<\/strong>, donde se conservaban las ofrendas. En el lado opuesto, en el norte, se encontraban los santuarios m\u00e1s antiguos: <strong>el grotos de Apolo y Pan<\/strong>, el <strong>santuario de la ninfa Aglauro<\/strong> &#8211; cuyo profundo pozo data de \u00e9poca mic\u00e9nica- y <strong>la residencia de las Arr\u00e9foras<\/strong>, las doncellas v\u00edrgenes cuya misi\u00f3n era tejer el velo que, durante las ceremonias de las <strong>Panateneas<\/strong>, ofrendaban a Atenea. <\/p>\t\t\t\t\t\t\t\t<\/div>\n\t\t\t\t<\/div>\n\t\t\t\t\t<\/div>\n\t\t<\/div>\n\t\t\t\t<div class=\"elementor-column elementor-col-50 elementor-inner-column elementor-element elementor-element-12f67c9\" data-id=\"12f67c9\" data-element_type=\"column\" data-e-type=\"column\">\n\t\t\t<div class=\"elementor-widget-wrap elementor-element-populated\">\n\t\t\t\t\t\t<div class=\"elementor-element elementor-element-e711e3c elementor-widget elementor-widget-text-editor\" data-id=\"e711e3c\" data-element_type=\"widget\" data-e-type=\"widget\" data-widget_type=\"text-editor.default\">\n\t\t\t\t<div class=\"elementor-widget-container\">\n\t\t\t\t\t\t\t\t\t<p>Las v\u00edrgenes part\u00edan del <strong>Cer\u00e1mico<\/strong>, en el lado noroeste de la ciudad, cruzaban el Agora, ascend\u00edan por los Propileos y segu\u00edan la V\u00eda Sagrada, pasando por <strong>el Erecteion<\/strong> y el margen septentrional del Parten\u00f3n, para acabar, as\u00ed, enfrente del lado sur.<\/p><p>En este punto se alzaban los altos muros que demarcaban un amplio terreno con los restos de los monumentos destruidos por los persas en el 480 a.C. Durante las excavaciones llevadas a cabo el siglo pasado, este lugar se revel\u00f3 una importante fuente de esculturas antiguas, la mayor parte de ellas son ex-votos y decoraciones de templos del per\u00edodo comprendido entre el 550 y el 480 a.C., actualmente conservadas en el Museo de la Acr\u00f3polis. <strong>Pausanias<\/strong>, que visit\u00f3 la Acr\u00f3polis inmediatamente despu\u00e9s del 150 d.C., cuenta en sus valiosos escritos c\u00f3mo <strong>\u00e9l mismo vio la llanura entera cubierta de estatuas votivas<\/strong>.<\/p>\t\t\t\t\t\t\t\t<\/div>\n\t\t\t\t<\/div>\n\t\t\t\t\t<\/div>\n\t\t<\/div>\n\t\t\t\t\t<\/div>\n\t\t<\/section>\n\t\t\t\t\t<\/div>\n\t\t<\/div>\n\t\t\t\t\t<\/div>\n\t\t<\/section>\n\t\t\t\t<section class=\"elementor-section elementor-top-section elementor-element elementor-element-20635bf elementor-section-boxed elementor-section-height-default elementor-section-height-default\" data-id=\"20635bf\" data-element_type=\"section\" data-e-type=\"section\">\n\t\t\t\t\t\t<div class=\"elementor-container elementor-column-gap-default\">\n\t\t\t\t\t<div class=\"elementor-column elementor-col-100 elementor-top-column elementor-element elementor-element-533c02a\" data-id=\"533c02a\" data-element_type=\"column\" data-e-type=\"column\">\n\t\t\t<div class=\"elementor-widget-wrap elementor-element-populated\">\n\t\t\t\t\t\t<div class=\"elementor-element elementor-element-33243dc elementor-widget elementor-widget-html\" data-id=\"33243dc\" data-element_type=\"widget\" data-e-type=\"widget\" data-widget_type=\"html.default\">\n\t\t\t\t<div class=\"elementor-widget-container\">\n\t\t\t\t\t<script async src=\"\/\/pagead2.googlesyndication.com\/pagead\/js\/adsbygoogle.js\"><\/script>\n<!-- Historia y Arqueologia 728x90 -->\n<ins class=\"adsbygoogle\"\n     style=\"display:inline-block;width:728px;height:90px\"\n     data-ad-client=\"ca-pub-3333290982990251\"\n     data-ad-slot=\"9452958860\"><\/ins>\n<script>\n(adsbygoogle = window.adsbygoogle || []).push({});\n<\/script>\t\t\t\t<\/div>\n\t\t\t\t<\/div>\n\t\t\t\t\t<\/div>\n\t\t<\/div>\n\t\t\t\t\t<\/div>\n\t\t<\/section>\n\t\t\t\t<section class=\"elementor-section elementor-top-section elementor-element elementor-element-a044ca6 elementor-section-boxed elementor-section-height-default elementor-section-height-default\" data-id=\"a044ca6\" data-element_type=\"section\" data-e-type=\"section\">\n\t\t\t\t\t\t<div class=\"elementor-container elementor-column-gap-default\">\n\t\t\t\t\t<div class=\"elementor-column elementor-col-100 elementor-top-column elementor-element elementor-element-43b42fb\" data-id=\"43b42fb\" data-element_type=\"column\" data-e-type=\"column\">\n\t\t\t<div class=\"elementor-widget-wrap elementor-element-populated\">\n\t\t\t\t\t\t<section class=\"elementor-section elementor-inner-section elementor-element elementor-element-ed301f6 elementor-section-boxed elementor-section-height-default elementor-section-height-default\" data-id=\"ed301f6\" data-element_type=\"section\" data-e-type=\"section\">\n\t\t\t\t\t\t<div class=\"elementor-container elementor-column-gap-default\">\n\t\t\t\t\t<div class=\"elementor-column elementor-col-50 elementor-inner-column elementor-element elementor-element-0840c86\" data-id=\"0840c86\" data-element_type=\"column\" data-e-type=\"column\">\n\t\t\t<div class=\"elementor-widget-wrap elementor-element-populated\">\n\t\t\t\t\t\t<div class=\"elementor-element elementor-element-52fd2c0 elementor-view-stacked elementor-shape-circle elementor-widget elementor-widget-icon\" data-id=\"52fd2c0\" data-element_type=\"widget\" data-e-type=\"widget\" data-widget_type=\"icon.default\">\n\t\t\t\t<div class=\"elementor-widget-container\">\n\t\t\t\t\t\t\t<div class=\"elementor-icon-wrapper\">\n\t\t\t<a class=\"elementor-icon\" href=\"https:\/\/www.historiayarqueologia.net\/el-propileo-ahora-y-antes\/\">\n\t\t\t\t\t\t\t<i class=\"fa fa-arrow-left\" aria-hidden=\"true\"><\/i>\n\t\t\t\t\t\t<\/a>\n\t\t<\/div>\n\t\t\t\t\t\t<\/div>\n\t\t\t\t<\/div>\n\t\t\t\t<div class=\"elementor-element elementor-element-a0525a2 elementor-widget elementor-widget-heading\" data-id=\"a0525a2\" data-element_type=\"widget\" data-e-type=\"widget\" data-widget_type=\"heading.default\">\n\t\t\t\t<div class=\"elementor-widget-container\">\n\t\t\t\t\t<h2 class=\"elementor-heading-title elementor-size-default\">02 - El Propileo<\/h2>\t\t\t\t<\/div>\n\t\t\t\t<\/div>\n\t\t\t\t\t<\/div>\n\t\t<\/div>\n\t\t\t\t<div class=\"elementor-column elementor-col-50 elementor-inner-column elementor-element elementor-element-4a5eb6c\" data-id=\"4a5eb6c\" data-element_type=\"column\" data-e-type=\"column\">\n\t\t\t<div class=\"elementor-widget-wrap elementor-element-populated\">\n\t\t\t\t\t\t<div class=\"elementor-element elementor-element-9713a80 elementor-view-stacked elementor-shape-circle elementor-widget elementor-widget-icon\" data-id=\"9713a80\" data-element_type=\"widget\" data-e-type=\"widget\" data-widget_type=\"icon.default\">\n\t\t\t\t<div class=\"elementor-widget-container\">\n\t\t\t\t\t\t\t<div class=\"elementor-icon-wrapper\">\n\t\t\t<a class=\"elementor-icon\" href=\"https:\/\/www.historiayarqueologia.net\/el-partenon-compara-ahora-y-antes-10-fotos-de-grecia\">\n\t\t\t\t\t\t\t<i class=\"fa fa-arrow-right\" aria-hidden=\"true\"><\/i>\n\t\t\t\t\t\t<\/a>\n\t\t<\/div>\n\t\t\t\t\t\t<\/div>\n\t\t\t\t<\/div>\n\t\t\t\t<div class=\"elementor-element elementor-element-d790bff elementor-widget elementor-widget-heading\" data-id=\"d790bff\" data-element_type=\"widget\" data-e-type=\"widget\" data-widget_type=\"heading.default\">\n\t\t\t\t<div class=\"elementor-widget-container\">\n\t\t\t\t\t<h2 class=\"elementor-heading-title elementor-size-default\">04- El Parten\u00f3n<\/h2>\t\t\t\t<\/div>\n\t\t\t\t<\/div>\n\t\t\t\t\t<\/div>\n\t\t<\/div>\n\t\t\t\t\t<\/div>\n\t\t<\/section>\n\t\t\t\t\t<\/div>\n\t\t<\/div>\n\t\t\t\t\t<\/div>\n\t\t<\/section>\n\t\t\t\t<section class=\"elementor-section elementor-top-section elementor-element elementor-element-c609307 elementor-section-boxed elementor-section-height-default elementor-section-height-default\" data-id=\"c609307\" data-element_type=\"section\" data-e-type=\"section\">\n\t\t\t\t\t\t<div class=\"elementor-container elementor-column-gap-default\">\n\t\t\t\t\t<div class=\"elementor-column elementor-col-100 elementor-top-column elementor-element elementor-element-366eb2a\" data-id=\"366eb2a\" data-element_type=\"column\" data-e-type=\"column\">\n\t\t\t<div class=\"elementor-widget-wrap elementor-element-populated\">\n\t\t\t\t\t\t<div class=\"elementor-element elementor-element-a2d7d28 elementor-widget elementor-widget-html\" data-id=\"a2d7d28\" data-element_type=\"widget\" data-e-type=\"widget\" data-widget_type=\"html.default\">\n\t\t\t\t<div class=\"elementor-widget-container\">\n\t\t\t\t\t<script async src=\"\/\/pagead2.googlesyndication.com\/pagead\/js\/adsbygoogle.js\"><\/script>\n<!-- Historia y Arqueologia 728x90 -->\n<ins class=\"adsbygoogle\"\n     style=\"display:inline-block;width:728px;height:90px\"\n     data-ad-client=\"ca-pub-3333290982990251\"\n     data-ad-slot=\"9452958860\"><\/ins>\n<script>\n(adsbygoogle = window.adsbygoogle || []).push({});\n<\/script>\t\t\t\t<\/div>\n\t\t\t\t<\/div>\n\t\t\t\t\t<\/div>\n\t\t<\/div>\n\t\t\t\t\t<\/div>\n\t\t<\/section>\n\t\t\t\t<\/div>\n\t\t","protected":false},"excerpt":{"rendered":"<p>03 de 10- El Promontorio &#8211; Ahora y antes &lt; \/i&gt;\u00bb,\u00bbnextArrow\u00bb:\u00bb&lt; \/i&gt;\u00bb,\u00bbfade\u00bb:true}&#8217;&gt; Saliendo de los Propileos, en el mismo \u00e1ngulo y en el punto m\u00e1s destacado del promontorio sacro de la Acr\u00f3polis, podemos ver el imponente templo de la diosa Atenea: el Parten\u00f3n. Una vez, exactamente enfrente de los Propileos, se ergu\u00eda la colosal estatua [&hellip;]<\/p>\n","protected":false},"author":1,"featured_media":1964,"comment_status":"open","ping_status":"closed","sticky":false,"template":"elementor_header_footer","format":"standard","meta":{"_jetpack_memberships_contains_paid_content":false,"footnotes":"","jetpack_publicize_message":"El Promontorio, compara ahora y antes - 10 fotos de Grecia","jetpack_publicize_feature_enabled":true,"jetpack_social_post_already_shared":true,"jetpack_social_options":{"image_generator_settings":{"template":"highway","default_image_id":0,"font":"","enabled":false},"version":2}},"categories":[1],"tags":[],"class_list":["post-1952","post","type-post","status-publish","format-standard","has-post-thumbnail","hentry","category-historia-antigua"],"jetpack_publicize_connections":[],"jetpack_featured_media_url":"https:\/\/www.historiayarqueologia.net\/wp-content\/uploads\/promontorio-cabecera.jpg","jetpack_sharing_enabled":true,"_links":{"self":[{"href":"https:\/\/www.historiayarqueologia.net\/index.php?rest_route=\/wp\/v2\/posts\/1952","targetHints":{"allow":["GET"]}}],"collection":[{"href":"https:\/\/www.historiayarqueologia.net\/index.php?rest_route=\/wp\/v2\/posts"}],"about":[{"href":"https:\/\/www.historiayarqueologia.net\/index.php?rest_route=\/wp\/v2\/types\/post"}],"author":[{"embeddable":true,"href":"https:\/\/www.historiayarqueologia.net\/index.php?rest_route=\/wp\/v2\/users\/1"}],"replies":[{"embeddable":true,"href":"https:\/\/www.historiayarqueologia.net\/index.php?rest_route=%2Fwp%2Fv2%2Fcomments&post=1952"}],"version-history":[{"count":14,"href":"https:\/\/www.historiayarqueologia.net\/index.php?rest_route=\/wp\/v2\/posts\/1952\/revisions"}],"predecessor-version":[{"id":2090,"href":"https:\/\/www.historiayarqueologia.net\/index.php?rest_route=\/wp\/v2\/posts\/1952\/revisions\/2090"}],"wp:featuredmedia":[{"embeddable":true,"href":"https:\/\/www.historiayarqueologia.net\/index.php?rest_route=\/wp\/v2\/media\/1964"}],"wp:attachment":[{"href":"https:\/\/www.historiayarqueologia.net\/index.php?rest_route=%2Fwp%2Fv2%2Fmedia&parent=1952"}],"wp:term":[{"taxonomy":"category","embeddable":true,"href":"https:\/\/www.historiayarqueologia.net\/index.php?rest_route=%2Fwp%2Fv2%2Fcategories&post=1952"},{"taxonomy":"post_tag","embeddable":true,"href":"https:\/\/www.historiayarqueologia.net\/index.php?rest_route=%2Fwp%2Fv2%2Ftags&post=1952"}],"curies":[{"name":"wp","href":"https:\/\/api.w.org\/{rel}","templated":true}]}}