{"id":1662,"date":"2017-06-26T10:59:44","date_gmt":"2017-06-26T08:59:44","guid":{"rendered":"https:\/\/www.historiayarqueologia.net\/?p=1662"},"modified":"2017-06-26T11:02:37","modified_gmt":"2017-06-26T09:02:37","slug":"hallada-una-coleccion-arqueologica-la-basura","status":"publish","type":"post","link":"https:\/\/www.historiayarqueologia.net\/?p=1662","title":{"rendered":"Hallada una colecci\u00f3n arqueol\u00f3gica en la basura"},"content":{"rendered":"<p>La colecci\u00f3n arqueol\u00f3gica hallada en la basura suma 600 piezas de \u00abevidente inter\u00e9s\u00bb hist\u00f3rico. Los expertos recopilan<strong> 594 vestigios recabados en la zona de A Guarda, Ourense y Salamanca<\/strong>. <strong>Identifican herramientas del Paleol\u00edtico y Mesol\u00edtico y cer\u00e1mica romana.<\/strong><\/p>\n<figure id=\"attachment_1663\" aria-describedby=\"caption-attachment-1663\" style=\"width: 569px\" class=\"wp-caption aligncenter\"><img fetchpriority=\"high\" decoding=\"async\" class=\"wp-image-1663 size-full\" src=\"https:\/\/www.historiayarqueologia.net\/wp-content\/uploads\/coleccion-arqueologica.jpg\" alt=\"\" width=\"569\" height=\"368\" srcset=\"https:\/\/www.historiayarqueologia.net\/wp-content\/uploads\/coleccion-arqueologica.jpg 569w, https:\/\/www.historiayarqueologia.net\/wp-content\/uploads\/coleccion-arqueologica-300x194.jpg 300w\" sizes=\"(max-width: 569px) 100vw, 569px\" \/><figcaption id=\"caption-attachment-1663\" class=\"wp-caption-text\"><strong>Bifaz de Ourense<\/strong> | Piezas que los expertos fechan en el Paleol\u00edtico antiguo y que, por sus caracter\u00edsticas, se pueden relacionar con localizaciones situadas en el entorno de la ciudad de Ourense y el r\u00edo Mi\u00f1o. En concreto, los t\u00e9cnicos apuntan a To\u00e9n.<\/figcaption><\/figure>\n<p>A lo largo de sus miles de a\u00f1os de antig\u00fcedad, las cerca de 600 piezas arqueol\u00f3gicas que componen la colecci\u00f3n de <strong>Jos\u00e9 Manuel Garc\u00eda de la Villa<\/strong> han pasado por guerras, invasiones, infinidad de tormentas, aguaceros y veranos de sequ\u00eda, revoluciones tecnol\u00f3gicas&#8230; incluso por el \u00abboom\u00bb del ladrillo que -en las \u00faltimas d\u00e9cadas- arras\u00f3 con no pocos yacimientos del pa\u00eds. Sin embargo, a pesar de esa larga y agitada singladura, los \u00faltimos meses de las piezas han sido especialmente movidos.<\/p>\n<figure id=\"attachment_1664\" aria-describedby=\"caption-attachment-1664\" style=\"width: 569px\" class=\"wp-caption aligncenter\"><img decoding=\"async\" class=\"wp-image-1664 size-full\" src=\"https:\/\/www.historiayarqueologia.net\/wp-content\/uploads\/coleccion-arqueologica-1.jpg\" alt=\"\" width=\"569\" height=\"367\" srcset=\"https:\/\/www.historiayarqueologia.net\/wp-content\/uploads\/coleccion-arqueologica-1.jpg 569w, https:\/\/www.historiayarqueologia.net\/wp-content\/uploads\/coleccion-arqueologica-1-300x193.jpg 300w\" sizes=\"(max-width: 569px) 100vw, 569px\" \/><figcaption id=\"caption-attachment-1664\" class=\"wp-caption-text\"><strong>Bifaz de Salamanca<\/strong> | Bifaz de cuarzo de las proximidades de Salamanca. Los expertos creen que pueden proceder de la zona de Azucarera de Salamanca, El Berrueco o Algabate, ya que Garc\u00eda de la Villa estudi\u00f3 en Salamanca durante su juventud.<\/figcaption><\/figure>\n<p>A mediados de enero la viuda del psiquiatra Garc\u00eda de la Villa, que era quien hab\u00eda reunido la colecci\u00f3n en su juventud, decidi\u00f3 deshacer del material. Su marido hab\u00eda fallecido en 2014 y desde hac\u00eda a\u00f1o las piedras acumulaban polvo en el trastero de casa. Durante una limpieza, unos obreros sacaron las cajas que conten\u00edan las piezas y las arrojaron a unos sacos para escombro amontonados en la calle Paz, en Torrecedeira. All\u00ed, entre trozos de ladrillo, fragmentos de hormig\u00f3n y tablas apolilladas, las encontr\u00f3 poco despu\u00e9s una pareja.<\/p>\n<figure id=\"attachment_1665\" aria-describedby=\"caption-attachment-1665\" style=\"width: 569px\" class=\"wp-caption aligncenter\"><img decoding=\"async\" class=\"wp-image-1665 size-full\" src=\"https:\/\/www.historiayarqueologia.net\/wp-content\/uploads\/coleccion-arqueologica-2.jpg\" alt=\"\" width=\"569\" height=\"367\" srcset=\"https:\/\/www.historiayarqueologia.net\/wp-content\/uploads\/coleccion-arqueologica-2.jpg 569w, https:\/\/www.historiayarqueologia.net\/wp-content\/uploads\/coleccion-arqueologica-2-300x193.jpg 300w\" sizes=\"(max-width: 569px) 100vw, 569px\" \/><figcaption id=\"caption-attachment-1665\" class=\"wp-caption-text\"><strong>Peso para redes de A Guarda<\/strong> | Ejemplo de peso para redes de la costa de A Guarda. Los expertos contratados por el Concello de Vigo encontraron bastantes elementos similares, que son frecuentes en este tipo de contextos arqueol\u00f3gicos.<\/figcaption><\/figure>\n<p>Al reparar en la forma de las piedras -muchas son bifaces tallados- y en que la mayor\u00eda estaban minuciosamente etiquetadas, decidieron avisar a la Polic\u00eda Local, que a su vez contact\u00f3 con la arque\u00f3loga del Concello. Ese mismo d\u00eda el material se traslad\u00f3 al Museo Qui\u00f1ones de Le\u00f3n. Entonces era pronto para determinar el valor exacto de la colecci\u00f3n, pero ya se sospechaba que pod\u00eda tener cierto inter\u00e9s hist\u00f3rico.<\/p>\n<figure id=\"attachment_1666\" aria-describedby=\"caption-attachment-1666\" style=\"width: 569px\" class=\"wp-caption aligncenter\"><img loading=\"lazy\" decoding=\"async\" class=\"wp-image-1666 size-full\" src=\"https:\/\/www.historiayarqueologia.net\/wp-content\/uploads\/coleccion-arqueologica-3.jpg\" alt=\"\" width=\"569\" height=\"368\" srcset=\"https:\/\/www.historiayarqueologia.net\/wp-content\/uploads\/coleccion-arqueologica-3.jpg 569w, https:\/\/www.historiayarqueologia.net\/wp-content\/uploads\/coleccion-arqueologica-3-300x194.jpg 300w\" sizes=\"(max-width: 569px) 100vw, 569px\" \/><figcaption id=\"caption-attachment-1666\" class=\"wp-caption-text\"><strong>Picos camposanquienses<\/strong> | Dos ejemplos de \u00abpicos camposanquienses\u00bb de la costa de A Guarda. Los expertos del Concello estiman que tienen entre 9.000 y 6.000 a\u00f1os y que se usaban en actividades marisqueiras y en el trabajo con la madera.<\/figcaption><\/figure>\n<p>Ahora, varios meses despu\u00e9s, los t\u00e9cnicos contratados por el Concello confirman aquella primera intuici\u00f3n. La vieja colecci\u00f3n de Garc\u00eda de la Villa tiene un \u00abevidente inter\u00e9s\u00bb hist\u00f3rico y re\u00fane herramientas y trozos de cer\u00e1micas de miles de a\u00f1os de antig\u00fcedad. En total los especialistas contabilizaron 594 piezas repartidas en 11 cajas distintas. La inmensa mayor\u00eda (266) proceden de la costa suroeste de Galicia, m\u00e1s concretamente de A Guarda. Hay tambi\u00e9n material que se relaciona con Ourense y otro con Salamanca.<\/p>\n<figure id=\"attachment_1667\" aria-describedby=\"caption-attachment-1667\" style=\"width: 571px\" class=\"wp-caption aligncenter\"><img loading=\"lazy\" decoding=\"async\" class=\"wp-image-1667 size-full\" src=\"https:\/\/www.historiayarqueologia.net\/wp-content\/uploads\/coleccion-arqueologica-4.jpg\" alt=\"\" width=\"571\" height=\"275\" srcset=\"https:\/\/www.historiayarqueologia.net\/wp-content\/uploads\/coleccion-arqueologica-4.jpg 571w, https:\/\/www.historiayarqueologia.net\/wp-content\/uploads\/coleccion-arqueologica-4-300x144.jpg 300w, https:\/\/www.historiayarqueologia.net\/wp-content\/uploads\/coleccion-arqueologica-4-250x120.jpg 250w\" sizes=\"(max-width: 571px) 100vw, 571px\" \/><figcaption id=\"caption-attachment-1667\" class=\"wp-caption-text\"><strong>Cer\u00e1mica prehist\u00f3rica<\/strong> | Cer\u00e1mica de caracter\u00edsticas prehist\u00f3ricas. Los expertos contratados por el Concello para su an\u00e1lisis creen que parte de este material puede proceder de Salamanca, m\u00e1s concretamente de zonas como El Berrueco o Algabate.<\/figcaption><\/figure>\n<p>Todas esas piezas las habr\u00eda recogido el psiquiatra hace d\u00e9cadas, impulsado por su hambre de saber y afici\u00f3n a la arqueolog\u00eda. En la capital charra, Garc\u00eda de la Villa hab\u00eda estudiado de joven, lo que explicar\u00eda las piezas que los expertos vinculan con puntos pr\u00f3ximos a aquella ciudad, como la Azucarera de Salamanca, El Berrueco o Algabate. Las piezas de Ourense tendr\u00edan una explicaci\u00f3n similar: el m\u00e9dico podr\u00eda haberlas recogido durante el tiempo que trabaj\u00f3 en el psiqui\u00e1trico de To\u00e9n.<\/p>\n<figure id=\"attachment_1668\" aria-describedby=\"caption-attachment-1668\" style=\"width: 571px\" class=\"wp-caption aligncenter\"><img loading=\"lazy\" decoding=\"async\" class=\"wp-image-1668 size-full\" src=\"https:\/\/www.historiayarqueologia.net\/wp-content\/uploads\/coleccion-arqueologica-5.jpg\" alt=\"\" width=\"571\" height=\"275\" srcset=\"https:\/\/www.historiayarqueologia.net\/wp-content\/uploads\/coleccion-arqueologica-5.jpg 571w, https:\/\/www.historiayarqueologia.net\/wp-content\/uploads\/coleccion-arqueologica-5-300x144.jpg 300w, https:\/\/www.historiayarqueologia.net\/wp-content\/uploads\/coleccion-arqueologica-5-250x120.jpg 250w\" sizes=\"(max-width: 571px) 100vw, 571px\" \/><figcaption id=\"caption-attachment-1668\" class=\"wp-caption-text\"><strong>Hacha pulimentada<\/strong> | Peque\u00f1a hacha pulimentada que se enmarca entre los elementos de la industria l\u00edtica hallados por los expertos y que incluye piezas microl\u00edticas de s\u00edlex y cuarzo hialino. El material se almacenaba en las cajas de la colecci\u00f3n.<\/figcaption><\/figure>\n<p>Fuente: <a href=\"https:\/\/www.farodevigo.es\/gran-vigo\/2017\/06\/26\/coleccion-arqueologica-hallada-basura-suma\/1705584.html\" target=\"_blank\" rel=\"noopener nofollow\">Carlos Prego<\/a><\/p>\n","protected":false},"excerpt":{"rendered":"<p>La colecci\u00f3n arqueol\u00f3gica hallada en la basura suma 600 piezas de \u00abevidente inter\u00e9s\u00bb hist\u00f3rico. Los expertos recopilan 594 vestigios recabados en la zona de A Guarda, Ourense y Salamanca. Identifican herramientas del Paleol\u00edtico y Mesol\u00edtico y cer\u00e1mica romana. A lo largo de sus miles de a\u00f1os de antig\u00fcedad, las cerca de 600 piezas arqueol\u00f3gicas que [&hellip;]<\/p>\n","protected":false},"author":1,"featured_media":1669,"comment_status":"open","ping_status":"closed","sticky":false,"template":"","format":"standard","meta":{"_jetpack_memberships_contains_paid_content":false,"footnotes":"","jetpack_publicize_message":"Hallada una colecci\u00f3n arqueol\u00f3gica en la basura. La colecci\u00f3n arqueol\u00f3gica hallada en la basura suma 600 piezas de \"evidente inter\u00e9s\" hist\u00f3rico. Los expertos recopilan 594 vestigios recabados en la zona de A Guarda, Ourense y Salamanca - Identifican herramientas del Paleol\u00edtico y Mesol\u00edtico y cer\u00e1mica romana.","jetpack_publicize_feature_enabled":true,"jetpack_social_post_already_shared":true,"jetpack_social_options":{"image_generator_settings":{"template":"highway","default_image_id":0,"font":"","enabled":false},"version":2}},"categories":[7],"tags":[],"class_list":["post-1662","post","type-post","status-publish","format-standard","has-post-thumbnail","hentry","category-noticias-arqueologia"],"jetpack_publicize_connections":[],"jetpack_featured_media_url":"https:\/\/www.historiayarqueologia.net\/wp-content\/uploads\/facebokk-1.jpg","jetpack_sharing_enabled":true,"_links":{"self":[{"href":"https:\/\/www.historiayarqueologia.net\/index.php?rest_route=\/wp\/v2\/posts\/1662","targetHints":{"allow":["GET"]}}],"collection":[{"href":"https:\/\/www.historiayarqueologia.net\/index.php?rest_route=\/wp\/v2\/posts"}],"about":[{"href":"https:\/\/www.historiayarqueologia.net\/index.php?rest_route=\/wp\/v2\/types\/post"}],"author":[{"embeddable":true,"href":"https:\/\/www.historiayarqueologia.net\/index.php?rest_route=\/wp\/v2\/users\/1"}],"replies":[{"embeddable":true,"href":"https:\/\/www.historiayarqueologia.net\/index.php?rest_route=%2Fwp%2Fv2%2Fcomments&post=1662"}],"version-history":[{"count":2,"href":"https:\/\/www.historiayarqueologia.net\/index.php?rest_route=\/wp\/v2\/posts\/1662\/revisions"}],"predecessor-version":[{"id":1671,"href":"https:\/\/www.historiayarqueologia.net\/index.php?rest_route=\/wp\/v2\/posts\/1662\/revisions\/1671"}],"wp:featuredmedia":[{"embeddable":true,"href":"https:\/\/www.historiayarqueologia.net\/index.php?rest_route=\/wp\/v2\/media\/1669"}],"wp:attachment":[{"href":"https:\/\/www.historiayarqueologia.net\/index.php?rest_route=%2Fwp%2Fv2%2Fmedia&parent=1662"}],"wp:term":[{"taxonomy":"category","embeddable":true,"href":"https:\/\/www.historiayarqueologia.net\/index.php?rest_route=%2Fwp%2Fv2%2Fcategories&post=1662"},{"taxonomy":"post_tag","embeddable":true,"href":"https:\/\/www.historiayarqueologia.net\/index.php?rest_route=%2Fwp%2Fv2%2Ftags&post=1662"}],"curies":[{"name":"wp","href":"https:\/\/api.w.org\/{rel}","templated":true}]}}