{"id":1655,"date":"2017-06-19T21:24:13","date_gmt":"2017-06-19T19:24:13","guid":{"rendered":"https:\/\/www.historiayarqueologia.net\/?p=1655"},"modified":"2017-06-19T21:24:13","modified_gmt":"2017-06-19T19:24:13","slug":"hallado-cinturon-carolingio-cantabria","status":"publish","type":"post","link":"https:\/\/www.historiayarqueologia.net\/?p=1655","title":{"rendered":"Hallado un cintur\u00f3n carolingio en Cantabr\u00eda (Aspio)"},"content":{"rendered":"<p>Aspio. Hallado un excepcional adorno de cintur\u00f3n de la Alta Edad Media en la cueva c\u00e1ntabra del Aspio.<\/p>\n<p><img fetchpriority=\"high\" decoding=\"async\" class=\"aligncenter size-full wp-image-1656\" src=\"https:\/\/www.historiayarqueologia.net\/wp-content\/uploads\/cinturon-carolingio-cantabria1.jpg\" alt=\"\" width=\"815\" height=\"330\" srcset=\"https:\/\/www.historiayarqueologia.net\/wp-content\/uploads\/cinturon-carolingio-cantabria1.jpg 815w, https:\/\/www.historiayarqueologia.net\/wp-content\/uploads\/cinturon-carolingio-cantabria1-300x121.jpg 300w, https:\/\/www.historiayarqueologia.net\/wp-content\/uploads\/cinturon-carolingio-cantabria1-768x311.jpg 768w\" sizes=\"(max-width: 815px) 100vw, 815px\" \/><\/p>\n<p>El \u00faltimo n\u00famero de la revista cient\u00edfica &#8216;<a href=\"https:\/\/www.pyrenae.com\/home\/index.php?option=com_k2&amp;view=item&amp;id=274:un-terminal-de-cinturon-altomedieval-de-la-cueva-del-aspio-ruesga-cantabria&amp;Itemid=319&amp;lang=ca\" target=\"_blank\" rel=\"noopener nofollow\">Pyrenae. Revista de Prehist\u00f2ria i Anqiguitat de la Mediterr\u00e0nea occidental<\/a>&#8216;, publicada por la Universidad de Barcelona, recoge en sus p\u00e1ginas un estudio dedicado a un fragmento de terminal de cintur\u00f3n altomedieval hallado en la cueva del Aspio (Ruesga), en Cantabria.<\/p>\n<p><strong>Se trata de un objeto \u00abexcepcional, muy poco habitual\u00bb en Espa\u00f1a<\/strong> y el primero de este tipo recuperado en una excavaci\u00f3n arqueol\u00f3gica, seg\u00fan destacan los encargados de la misma en un comunicado, en el que precisan que el resto proceden del mercado de antig\u00fcedades y hay \u00abdudas\u00bb sobre su verdadero origen.<\/p>\n<figure id=\"attachment_1659\" aria-describedby=\"caption-attachment-1659\" style=\"width: 500px\" class=\"wp-caption aligncenter\"><img decoding=\"async\" class=\"wp-image-1659 size-full\" src=\"https:\/\/www.historiayarqueologia.net\/wp-content\/uploads\/sondeo_tres_index.jpg\" alt=\"\" width=\"500\" height=\"328\" srcset=\"https:\/\/www.historiayarqueologia.net\/wp-content\/uploads\/sondeo_tres_index.jpg 500w, https:\/\/www.historiayarqueologia.net\/wp-content\/uploads\/sondeo_tres_index-300x197.jpg 300w\" sizes=\"(max-width: 500px) 100vw, 500px\" \/><figcaption id=\"caption-attachment-1659\" class=\"wp-caption-text\">Jes\u00fas y Miriam en el Sondeo 3 de la cueva del Aspio<\/figcaption><\/figure>\n<p>El descubrimiento se produjo en el marco del proyecto de intervenci\u00f3n arqueol\u00f3gica en la cueva del Aspio, dirigido por Rafael Bolado del Castillo y Miriam Cubas desde el a\u00f1o 2013.<\/p>\n<p>Esta investigaci\u00f3n aborda el estudio de los distintos usos y ocupaciones de la cueva, cuyos principales episodios se datan en el Paleol\u00edtico Superior, la Edad del Bronce y la Edad de Hierro.<\/p>\n<p>En el proyecto, que cuenta con apoyo y financiaci\u00f3n de la Consejer\u00eda de Educaci\u00f3n, Cultura y Deporte del Gobierno de Cantabria, colabora un amplio grupo de investigadores.<\/p>\n<p>Dos de ellos, Jos\u00e9 \u00c1ngel Hierro G\u00e1rate y Enrique Guti\u00e9rrez Cuenca, especialistas en arqueolog\u00eda medieval, han sido los responsables de llevar a cabo el estudio de la pieza junto con los directores de la excavaci\u00f3n.<\/p>\n<h2>ADORNO<\/h2>\n<p><img decoding=\"async\" class=\"aligncenter size-full wp-image-1657\" src=\"https:\/\/www.historiayarqueologia.net\/wp-content\/uploads\/cinturon-carolingio-cantabria.jpg\" alt=\"\" width=\"606\" height=\"780\" srcset=\"https:\/\/www.historiayarqueologia.net\/wp-content\/uploads\/cinturon-carolingio-cantabria.jpg 606w, https:\/\/www.historiayarqueologia.net\/wp-content\/uploads\/cinturon-carolingio-cantabria-233x300.jpg 233w\" sizes=\"(max-width: 606px) 100vw, 606px\" \/><\/p>\n<p>Aunque apenas tiene 3 cent\u00edmetros de longitud, este objeto fabricado con una aleaci\u00f3n de cobre aporta informaci\u00f3n relevante. Serv\u00eda para decorar el extremo de una correa de cintur\u00f3n, haciendo juego con una hebilla que no ha sido localizada.<\/p>\n<p>Est\u00e1 decorado con un motivo de tipo vegetal en relieve, identificado como el &#8216;\u00c1rbol de la Vida&#8217;, ampliamente representado tanto en la decoraci\u00f3n arquitect\u00f3nica como en las artes menores durante la Alta Edad Media y que conoci\u00f3 una gran difusi\u00f3n en Europa durante el siglo IX.<\/p>\n<p>Sus caracter\u00edsticas formales han permitido relacionarlo con otros objetos similares conservados en el Romische-Germanische Zentralmuseum de Mainz (Alemania), vendidos hace d\u00e9cadas a esa instituci\u00f3n por coleccionistas andaluces. Aunque se supone que fueron hallados en el sur de Espa\u00f1a, su verdadera procedencia es desconocida.<\/p>\n<p>Tanto estos ornamentos como el del Aspio parecen ser imitaciones locales en bronce y lat\u00f3n de modelos francos realizados en plata dorada, que toman como ejemplo terminales de correa y apliques de cintur\u00f3n de la segunda mitad del siglo IX como los descubiertos en Roermond (Pa\u00edses Bajos) y Duesminde (Dinamarca).<\/p>\n<p>La distribuci\u00f3n de este tipo de objetos de adorno personal incluye todo el imperio carolingio, formado por Francia, gran parte de Alemania, Suiza y el norte de Italia, as\u00ed como las regiones fronterizas de este espacio geogr\u00e1fico: los territorios eslavos del este, Escandinavia al norte, la Inglaterra anglosajona por el oeste e Italia meridional por el sur.<\/p>\n<h2>MODA CAROLINGIA<\/h2>\n<p>Como indica este hallazgo de El Aspio la \u00abmoda carolingia\u00bb tambi\u00e9n lleg\u00f3 a los territorios cristianos de la pen\u00ednsula Ib\u00e9rica en el siglo IX, para sustituir a la de influencia bizantino y mediterr\u00e1nea de la anterior \u00e9poca visigoda.<\/p>\n<p>Esta aportaci\u00f3n es de gran importancia, ya que apenas se conoce nada relacionado con la vestimenta en los territorios peninsulares durante este siglo.<\/p>\n<h2>P\u00c9RDIDA ACCIDENTAL<\/h2>\n<p>En cuanto a la presencia de una pieza de ese tipo en una cueva como El Aspio, los investigadores ven \u00abmuy probable\u00bb que se deba a una p\u00e9rdida accidental, ya que hasta el momento no se han hallado restos que puedan relacionarse con ella, aunque otras opciones, como su procedencia de un dep\u00f3sito sepulcral, siguen abiertas.<\/p>\n<p>En cualquier caso, el hallazgo y la identificaci\u00f3n de una pieza de este tipo viene a reforzar la importancia arqueol\u00f3gica de la cueva, llamada a ser un \u00abreferente\u00bb en la zona del alto As\u00f3n por la variedad y calidad de su registro arqueol\u00f3gico, con una secuencia que arranca en el Paleol\u00edtico y llega hasta la plena Edad Media.<\/p>\n<p><a href=\"https:\/\/www.pyrenae.com\/home\/index.php?option=com_k2&amp;view=item&amp;id=274:un-terminal-de-cinturon-altomedieval-de-la-cueva-del-aspio-ruesga-cantabria&amp;Itemid=319&amp;lang=ca\" target=\"_blank\" rel=\"noopener nofollow\">Info<\/a><\/p>\n<p><a href=\"https:\/\/www.eldiario.es\/norte\/cantabria\/ultima-hora\/Hallado-Alta-Edad-Media-Aspio_0_656184519.html\" target=\"_blank\" rel=\"noopener nofollow\">Fuente<\/a><\/p>\n","protected":false},"excerpt":{"rendered":"<p>Aspio. Hallado un excepcional adorno de cintur\u00f3n de la Alta Edad Media en la cueva c\u00e1ntabra del Aspio. El \u00faltimo n\u00famero de la revista cient\u00edfica &#8216;Pyrenae. Revista de Prehist\u00f2ria i Anqiguitat de la Mediterr\u00e0nea occidental&#8216;, publicada por la Universidad de Barcelona, recoge en sus p\u00e1ginas un estudio dedicado a un fragmento de terminal de cintur\u00f3n [&hellip;]<\/p>\n","protected":false},"author":1,"featured_media":1656,"comment_status":"open","ping_status":"closed","sticky":false,"template":"","format":"standard","meta":{"_jetpack_memberships_contains_paid_content":false,"footnotes":"","jetpack_publicize_message":"Hallado un cintur\u00f3n carolingio en Cantabr\u00eda. Se trata de un objeto \"excepcional, muy poco habitual\" en Espa\u00f1a y el primero de este tipo recuperado en una excavaci\u00f3n arqueol\u00f3gica, seg\u00fan destacan los encargados de la misma en un comunicado, en el que precisan que el resto proceden del mercado de antig\u00fcedades y hay \"dudas\" sobre su verdadero origen.","jetpack_publicize_feature_enabled":true,"jetpack_social_post_already_shared":true,"jetpack_social_options":{"image_generator_settings":{"template":"highway","default_image_id":0,"font":"","enabled":false},"version":2}},"categories":[7],"tags":[],"class_list":["post-1655","post","type-post","status-publish","format-standard","has-post-thumbnail","hentry","category-noticias-arqueologia"],"jetpack_publicize_connections":[],"jetpack_featured_media_url":"https:\/\/www.historiayarqueologia.net\/wp-content\/uploads\/cinturon-carolingio-cantabria1.jpg","jetpack_sharing_enabled":true,"_links":{"self":[{"href":"https:\/\/www.historiayarqueologia.net\/index.php?rest_route=\/wp\/v2\/posts\/1655","targetHints":{"allow":["GET"]}}],"collection":[{"href":"https:\/\/www.historiayarqueologia.net\/index.php?rest_route=\/wp\/v2\/posts"}],"about":[{"href":"https:\/\/www.historiayarqueologia.net\/index.php?rest_route=\/wp\/v2\/types\/post"}],"author":[{"embeddable":true,"href":"https:\/\/www.historiayarqueologia.net\/index.php?rest_route=\/wp\/v2\/users\/1"}],"replies":[{"embeddable":true,"href":"https:\/\/www.historiayarqueologia.net\/index.php?rest_route=%2Fwp%2Fv2%2Fcomments&post=1655"}],"version-history":[{"count":2,"href":"https:\/\/www.historiayarqueologia.net\/index.php?rest_route=\/wp\/v2\/posts\/1655\/revisions"}],"predecessor-version":[{"id":1661,"href":"https:\/\/www.historiayarqueologia.net\/index.php?rest_route=\/wp\/v2\/posts\/1655\/revisions\/1661"}],"wp:featuredmedia":[{"embeddable":true,"href":"https:\/\/www.historiayarqueologia.net\/index.php?rest_route=\/wp\/v2\/media\/1656"}],"wp:attachment":[{"href":"https:\/\/www.historiayarqueologia.net\/index.php?rest_route=%2Fwp%2Fv2%2Fmedia&parent=1655"}],"wp:term":[{"taxonomy":"category","embeddable":true,"href":"https:\/\/www.historiayarqueologia.net\/index.php?rest_route=%2Fwp%2Fv2%2Fcategories&post=1655"},{"taxonomy":"post_tag","embeddable":true,"href":"https:\/\/www.historiayarqueologia.net\/index.php?rest_route=%2Fwp%2Fv2%2Ftags&post=1655"}],"curies":[{"name":"wp","href":"https:\/\/api.w.org\/{rel}","templated":true}]}}