{"id":1577,"date":"2017-06-03T11:00:48","date_gmt":"2017-06-03T09:00:48","guid":{"rendered":"https:\/\/www.historiayarqueologia.net\/?p=1577"},"modified":"2017-06-03T10:47:01","modified_gmt":"2017-06-03T08:47:01","slug":"samabaj","status":"publish","type":"post","link":"https:\/\/www.historiayarqueologia.net\/?p=1577","title":{"rendered":"Samabaj, la ciudad sumergida del Lago de Atitl\u00e1n"},"content":{"rendered":"<p><strong>Samabaj, La ciudad sumergida del Lago de Atitl\u00e1n.<\/strong> Los restos arqueol\u00f3gicos mayas que yacen en el fondo del Lago de Atitl\u00e1n ser\u00e1n examinados por un grupo de expertos enviados por la Unesco, a petici\u00f3n del Gobierno guatemalteco, inform\u00f3 la Organizaci\u00f3n.<\/p>\n<p><img fetchpriority=\"high\" decoding=\"async\" class=\"aligncenter size-full wp-image-1579\" src=\"https:\/\/www.historiayarqueologia.net\/wp-content\/uploads\/La-Atl\u00e1ntida-Maya-Samabaj.jpg\" alt=\"\" width=\"800\" height=\"400\" srcset=\"https:\/\/www.historiayarqueologia.net\/wp-content\/uploads\/La-Atl\u00e1ntida-Maya-Samabaj.jpg 800w, https:\/\/www.historiayarqueologia.net\/wp-content\/uploads\/La-Atl\u00e1ntida-Maya-Samabaj-300x150.jpg 300w, https:\/\/www.historiayarqueologia.net\/wp-content\/uploads\/La-Atl\u00e1ntida-Maya-Samabaj-768x384.jpg 768w, https:\/\/www.historiayarqueologia.net\/wp-content\/uploads\/La-Atl\u00e1ntida-Maya-Samabaj-350x175.jpg 350w, https:\/\/www.historiayarqueologia.net\/wp-content\/uploads\/La-Atl\u00e1ntida-Maya-Samabaj-400x200.jpg 400w\" sizes=\"(max-width: 800px) 100vw, 800px\" \/><\/p>\n<p>La misi\u00f3n comenzar\u00e1 el pr\u00f3ximo oto\u00f1o boreal con el examen de los restos arqueol\u00f3gicos sumergidos en el lago, para \u201c<strong><em>proponer un plan de gesti\u00f3n<\/em><\/strong>\u201d de ese patrimonio que tenga en cuenta la opini\u00f3n de los habitantes de la regi\u00f3n, para quienes \u201c<strong><em>reviste una importancia sagrada<\/em><\/strong>\u201d, dijo la arque\u00f3loga Mar\u00eda Helena Barba Meinecke.<\/p>\n<p>Barba, que dirigir\u00e1 el proyecto, es la responsable del programa de arqueolog\u00eda subacu\u00e1tica de la Pen\u00ednsula del Yucat\u00e1n en el Instituto Nacional de Antropolog\u00eda e Historia de M\u00e9xico (INAH) y miembro del Consejo Consultivo Cient\u00edfico y T\u00e9cnico de la Convenci\u00f3n del Patrimonio Cultural Subacu\u00e1tico de la Unesco.<\/p>\n<p><strong>\u00ab<em>La misi\u00f3n se dividir\u00e1 en tres partes, primero estudiaremos el grado de afectaci\u00f3n y las condiciones de los restos, despu\u00e9s generaremos una serie de iniciativas regionales de apoyo, y por \u00faltimo trabajaremos conjuntamente con la comunidad ind\u00edgena<\/em>\u00ab,<\/strong> se\u00f1al\u00f3 la arque\u00f3loga.<\/p>\n<p>La experta, que trabaja desde hace 15 a\u00f1os con comunidades ind\u00edgenas de M\u00e9xico, subray\u00f3 que el \u00faltimo punto es \u201cclave\u201d, ya que con esta exploraci\u00f3n no pretende \u00ab<strong>alterar ninguna creencia<\/strong>\u00bb relacionada con esos \u201c<strong>vestigios sagrados<\/strong>\u201d, sino estudiar este patrimonio nacional.<\/p>\n<p>En el Lago de Atitl\u00e1n, el m\u00e1s profundo de Centroam\u00e9rica, se descubrieron en 1996 numerosos restos arqueol\u00f3gicos del pueblo maya conocido como Samabaj, que al parecer estaba en una isla que pudo haber quedado sumergida tras un desastre natural.<\/p>\n<figure id=\"attachment_1580\" aria-describedby=\"caption-attachment-1580\" style=\"width: 500px\" class=\"wp-caption aligncenter\"><img decoding=\"async\" class=\"wp-image-1580 size-full\" src=\"https:\/\/www.historiayarqueologia.net\/wp-content\/uploads\/samabaj_03_archivo.jpg\" alt=\"\" width=\"500\" height=\"333\" srcset=\"https:\/\/www.historiayarqueologia.net\/wp-content\/uploads\/samabaj_03_archivo.jpg 500w, https:\/\/www.historiayarqueologia.net\/wp-content\/uploads\/samabaj_03_archivo-300x200.jpg 300w\" sizes=\"(max-width: 500px) 100vw, 500px\" \/><figcaption id=\"caption-attachment-1580\" class=\"wp-caption-text\">Samabaj<\/figcaption><\/figure>\n<p>La decisi\u00f3n de estudiar el fondo del lago fue tomada por los Estados Partes de la Convenci\u00f3n de la Unesco sobre la protecci\u00f3n del patrimonio cultural subacu\u00e1tico, que se celebr\u00f3 en Par\u00eds el 30 y 31 de mayo, inform\u00f3 la Unesco en un comunicado.<\/p>\n<p>Reunidos este jueves en Par\u00eds, los representantes de los doce pa\u00edses que integran el Consejo Consultivo de la Convenci\u00f3n acordaron nombrar a la representante mexicana al frente de la misi\u00f3n guatemalteca.<\/p>\n<figure id=\"attachment_1581\" aria-describedby=\"caption-attachment-1581\" style=\"width: 300px\" class=\"wp-caption aligncenter\"><img decoding=\"async\" class=\"wp-image-1581 size-full\" src=\"https:\/\/www.historiayarqueologia.net\/wp-content\/uploads\/samabaj_esquema.jpg\" alt=\"\" width=\"300\" height=\"206\" \/><figcaption id=\"caption-attachment-1581\" class=\"wp-caption-text\">Samabaj<\/figcaption><\/figure>\n<p>Previamente, los Estados Partes, crearon en su VI reuni\u00f3n el Registro de Buenas Pr\u00e1cticas para la conservaci\u00f3n y difusi\u00f3n de ese patrimonio e inscribieron sus siete primeros modelos, dos de ellos mexicanos, cuatro espa\u00f1oles y uno portugu\u00e9s, indic\u00f3 la nota.<\/p>\n<p>Estos son el Museo arqueol\u00f3gico subacu\u00e1tico de Playa Bonita y la participaci\u00f3n de las comunidades locales en la protecci\u00f3n de su patrimonio cultural en el Nevado de Toluca, ambos en M\u00e9xico; y el Programa PRCASC para la protecci\u00f3n de 130 sitios del patrimonio subacu\u00e1tico del Mar de Cascaes, en Portugal.<\/p>\n<p>Las <a href=\"https:\/\/www.historiayarqueologia.net\/cuatro-pecios-espanoles-destacados-por-la-unesco\/\" target=\"_blank\" rel=\"noopener noreferrer\">iniciativas espa\u00f1olas<\/a> son el proyecto de Protecci\u00f3n jur\u00eddica del patrimonio arqueol\u00f3gico subacu\u00e1tico en Andaluc\u00eda; Un naufragio romano para la sociedad, el pecio de Bou Ferrer, de Villajoyosa (Alicante); y Prospecci\u00f3n y excavaci\u00f3n arqueol\u00f3gica del pecio Deltebre I e Investigaci\u00f3n arqueol\u00f3gica en los pecios Cala Cativa I\/ Cap del Vol (Port de la Selva), los dos en Catalu\u00f1a.<\/p>\n<p><a href=\"https:\/\/www.prensalibre.com\/ciudades\/solola\/unesco-enviara-al-lago-de-atitlan-arqueologos-subacuaticos\" target=\"_blank\" rel=\"noopener noreferrer nofollow\">Fuente<\/a><\/p>\n","protected":false},"excerpt":{"rendered":"<p>Samabaj, La ciudad sumergida del Lago de Atitl\u00e1n. Los restos arqueol\u00f3gicos mayas que yacen en el fondo del Lago de Atitl\u00e1n ser\u00e1n examinados por un grupo de expertos enviados por la Unesco, a petici\u00f3n del Gobierno guatemalteco, inform\u00f3 la Organizaci\u00f3n. La misi\u00f3n comenzar\u00e1 el pr\u00f3ximo oto\u00f1o boreal con el examen de los restos arqueol\u00f3gicos sumergidos [&hellip;]<\/p>\n","protected":false},"author":1,"featured_media":1582,"comment_status":"open","ping_status":"closed","sticky":false,"template":"","format":"standard","meta":{"_jetpack_memberships_contains_paid_content":false,"footnotes":"","jetpack_publicize_message":"Los restos arqueol\u00f3gicos mayas que yacen en el fondo del Lago de Atitl\u00e1n ser\u00e1n examinados por un grupo de expertos enviados por la Unesco...","jetpack_publicize_feature_enabled":true,"jetpack_social_post_already_shared":true,"jetpack_social_options":{"image_generator_settings":{"template":"highway","default_image_id":0,"font":"","enabled":false},"version":2}},"categories":[7],"tags":[],"class_list":["post-1577","post","type-post","status-publish","format-standard","has-post-thumbnail","hentry","category-noticias-arqueologia"],"jetpack_publicize_connections":[],"jetpack_featured_media_url":"https:\/\/www.historiayarqueologia.net\/wp-content\/uploads\/La-Atl\u00e1ntida-Maya-Samabaj-0.jpg","jetpack_sharing_enabled":true,"_links":{"self":[{"href":"https:\/\/www.historiayarqueologia.net\/index.php?rest_route=\/wp\/v2\/posts\/1577","targetHints":{"allow":["GET"]}}],"collection":[{"href":"https:\/\/www.historiayarqueologia.net\/index.php?rest_route=\/wp\/v2\/posts"}],"about":[{"href":"https:\/\/www.historiayarqueologia.net\/index.php?rest_route=\/wp\/v2\/types\/post"}],"author":[{"embeddable":true,"href":"https:\/\/www.historiayarqueologia.net\/index.php?rest_route=\/wp\/v2\/users\/1"}],"replies":[{"embeddable":true,"href":"https:\/\/www.historiayarqueologia.net\/index.php?rest_route=%2Fwp%2Fv2%2Fcomments&post=1577"}],"version-history":[{"count":2,"href":"https:\/\/www.historiayarqueologia.net\/index.php?rest_route=\/wp\/v2\/posts\/1577\/revisions"}],"predecessor-version":[{"id":1584,"href":"https:\/\/www.historiayarqueologia.net\/index.php?rest_route=\/wp\/v2\/posts\/1577\/revisions\/1584"}],"wp:featuredmedia":[{"embeddable":true,"href":"https:\/\/www.historiayarqueologia.net\/index.php?rest_route=\/wp\/v2\/media\/1582"}],"wp:attachment":[{"href":"https:\/\/www.historiayarqueologia.net\/index.php?rest_route=%2Fwp%2Fv2%2Fmedia&parent=1577"}],"wp:term":[{"taxonomy":"category","embeddable":true,"href":"https:\/\/www.historiayarqueologia.net\/index.php?rest_route=%2Fwp%2Fv2%2Fcategories&post=1577"},{"taxonomy":"post_tag","embeddable":true,"href":"https:\/\/www.historiayarqueologia.net\/index.php?rest_route=%2Fwp%2Fv2%2Ftags&post=1577"}],"curies":[{"name":"wp","href":"https:\/\/api.w.org\/{rel}","templated":true}]}}