{"id":1556,"date":"2017-06-02T08:05:36","date_gmt":"2017-06-02T06:05:36","guid":{"rendered":"https:\/\/www.historiayarqueologia.net\/?p=1556"},"modified":"2017-06-01T15:56:15","modified_gmt":"2017-06-01T13:56:15","slug":"cuatro-pecios-espanoles-destacados-por-la-unesco","status":"publish","type":"post","link":"https:\/\/www.historiayarqueologia.net\/?p=1556","title":{"rendered":"Cuatro pecios espa\u00f1oles incluidos por la UNESCO"},"content":{"rendered":"<p>La <strong>VI Reuni\u00f3n de Estados Partes de la Convenci\u00f3n de Patrimonio Cultural Subacu\u00e1tico<\/strong>, reunida hoy en Par\u00eds, ha aprobado l<strong>a inclusi\u00f3n de cuatro proyectos espa\u00f1oles en el Registro de Buenas Pr\u00e1cticas en materia de protecci\u00f3n, conservaci\u00f3n y difusi\u00f3n del Patrimonio Cultural Subacu\u00e1tico<\/strong>.<\/p>\n<figure id=\"attachment_1557\" aria-describedby=\"caption-attachment-1557\" style=\"width: 830px\" class=\"wp-caption aligncenter\"><img fetchpriority=\"high\" decoding=\"async\" class=\"wp-image-1557\" src=\"https:\/\/www.historiayarqueologia.net\/wp-content\/uploads\/pecio-bou-ferrer.jpg\" alt=\"\" width=\"830\" height=\"410\" srcset=\"https:\/\/www.historiayarqueologia.net\/wp-content\/uploads\/pecio-bou-ferrer.jpg 2000w, https:\/\/www.historiayarqueologia.net\/wp-content\/uploads\/pecio-bou-ferrer-300x148.jpg 300w, https:\/\/www.historiayarqueologia.net\/wp-content\/uploads\/pecio-bou-ferrer-768x380.jpg 768w, https:\/\/www.historiayarqueologia.net\/wp-content\/uploads\/pecio-bou-ferrer-1024x506.jpg 1024w\" sizes=\"(max-width: 830px) 100vw, 830px\" \/><figcaption id=\"caption-attachment-1557\" class=\"wp-caption-text\">Pecio Bou Ferrer<\/figcaption><\/figure>\n<p>Han sido incluidos en el prestigioso Registro los proyectos \u2018Un naufragio romano para la sociedad, <strong>el pecio de Bou Ferrer (Villajoyosa, Alicante), \u2018Prospecci\u00f3n y excavaci\u00f3n arqueol\u00f3gica del pecio Deltebre I (Catalu\u00f1a), \u2018Investigaci\u00f3n arqueol\u00f3gica en los pecios Cala Cativa I\/ Cap del Vol (Port de la Selva), Catalu\u00f1a\u2019 y \u2018Protecci\u00f3n jur\u00eddica del patrimonio arqueol\u00f3gico subacu\u00e1tico en Andaluc\u00eda\u2019,<\/strong><\/p>\n<figure id=\"attachment_1558\" aria-describedby=\"caption-attachment-1558\" style=\"width: 800px\" class=\"wp-caption aligncenter\"><img decoding=\"async\" class=\"wp-image-1558 size-full\" src=\"https:\/\/www.historiayarqueologia.net\/wp-content\/uploads\/pecio-bou-ferrer1.jpg\" alt=\"\" width=\"800\" height=\"600\" srcset=\"https:\/\/www.historiayarqueologia.net\/wp-content\/uploads\/pecio-bou-ferrer1.jpg 800w, https:\/\/www.historiayarqueologia.net\/wp-content\/uploads\/pecio-bou-ferrer1-300x225.jpg 300w, https:\/\/www.historiayarqueologia.net\/wp-content\/uploads\/pecio-bou-ferrer1-768x576.jpg 768w\" sizes=\"(max-width: 800px) 100vw, 800px\" \/><figcaption id=\"caption-attachment-1558\" class=\"wp-caption-text\">Pecio Bou Ferrer<\/figcaption><\/figure>\n<p>Se trata de la primera inclusi\u00f3n \u2013junto con dos proyectos de M\u00e9xico y un proyecto presentado por Portugal- que la Convenci\u00f3n realiza en el Registro de Buenas Pr\u00e1cticas en materia de protecci\u00f3n, conservaci\u00f3n y difusi\u00f3n del Patrimonio Cultural Subacu\u00e1tico, tras la aprobaci\u00f3n en 2015 de un nuevo procedimiento por el que invitaba a los Estados Parte a proporcionar ejemplos de buenas pr\u00e1cticas en este campo, con el fin de fomentar la sensibilizaci\u00f3n y la difusi\u00f3n del patrimonio cultural subacu\u00e1tico.<\/p>\n<p>El <strong>pecio Bou Ferrer<\/strong>, una gran nave mercante romana, naufragada a mediados del s. I d.C. frente a las costas de Villajoyosa (Alicante), es el \u00fanico gran mercante del periodo romano, en todo el Mediterr\u00e1neo, que combina un inigualable estado de conservaci\u00f3n, junto con una profundidad bajo el mar asequible a los arque\u00f3logos subacu\u00e1ticos. A cargo del equipo dirigido por el arque\u00f3logo <strong>Carlos de Juan<\/strong>, la excavaci\u00f3n es adem\u00e1s <strong>un ejemplo de accesibilidad, tanto del sitio, por medio de visitas dirigidas, como de los materiales recuperados, por la futura exposici\u00f3n en el Museo de Villajoyosa.<\/strong><\/p>\n<figure id=\"attachment_1561\" aria-describedby=\"caption-attachment-1561\" style=\"width: 1000px\" class=\"wp-caption aligncenter\"><img decoding=\"async\" class=\"wp-image-1561 size-full\" src=\"https:\/\/www.historiayarqueologia.net\/wp-content\/uploads\/pecio-bou-ferrer2.jpg\" alt=\"\" width=\"1000\" height=\"750\" srcset=\"https:\/\/www.historiayarqueologia.net\/wp-content\/uploads\/pecio-bou-ferrer2.jpg 1000w, https:\/\/www.historiayarqueologia.net\/wp-content\/uploads\/pecio-bou-ferrer2-300x225.jpg 300w, https:\/\/www.historiayarqueologia.net\/wp-content\/uploads\/pecio-bou-ferrer2-768x576.jpg 768w\" sizes=\"(max-width: 1000px) 100vw, 1000px\" \/><figcaption id=\"caption-attachment-1561\" class=\"wp-caption-text\">Pecio Bou Ferrer<\/figcaption><\/figure>\n<p>De los interesantes trabajos realizados durante las \u00faltimas d\u00e9cadas por el <strong>Centro de Arqueolog\u00eda Subacu\u00e1tica de Catalu\u00f1a<\/strong>, la Unesco reconoce la ejemplaridad de dos de ellos. <strong>El pecio Deltebre<\/strong> tiene restos de uno de los barcos hundidos durante los conflictos b\u00e9licos relacionados con el ataque a Tarragona, por parte de la escuadra brit\u00e1nica, al mando del Almirante Jon Murray.<\/p>\n<p>En 2008 se produjo el hallazgo fortuito que ten\u00eda peligro de expolio por hallarse cerca de la costa y a tan solo 7 metros de profundidad. Se protegieron los restos formando un talud que permite que el deterioro de los elementos org\u00e1nicos sea m\u00ednimo. Del mismo modo, se decidi\u00f3 la extracci\u00f3n de parte de la carga y se realiz\u00f3 una exposici\u00f3n itinerante, ya presentada en Girona, Alicante, Barcelona, Tarragona, Deltebre y Tortosa, para dar a conocer este yacimiento, su historia y su valor como patrimonio cultural subacu\u00e1tico.<\/p>\n<p>Los de <strong>Cala Cativa<\/strong> y <strong>Cap de Vol<\/strong> son dos pecios importantes por su cargamento y por las t\u00e9cnicas de construcci\u00f3n naval: Cala Cativa I y Cap del Vol, los dos hundidos en el municipio de <strong>Port de la Selva<\/strong>.<\/p>\n<figure id=\"attachment_1559\" aria-describedby=\"caption-attachment-1559\" style=\"width: 850px\" class=\"wp-caption aligncenter\"><img loading=\"lazy\" decoding=\"async\" class=\"wp-image-1559 size-full\" src=\"https:\/\/www.historiayarqueologia.net\/wp-content\/uploads\/pecio-bou-ferrer3.jpg\" alt=\"\" width=\"850\" height=\"510\" srcset=\"https:\/\/www.historiayarqueologia.net\/wp-content\/uploads\/pecio-bou-ferrer3.jpg 850w, https:\/\/www.historiayarqueologia.net\/wp-content\/uploads\/pecio-bou-ferrer3-300x180.jpg 300w, https:\/\/www.historiayarqueologia.net\/wp-content\/uploads\/pecio-bou-ferrer3-768x461.jpg 768w\" sizes=\"(max-width: 850px) 100vw, 850px\" \/><figcaption id=\"caption-attachment-1559\" class=\"wp-caption-text\">Pecio Bou Ferrer<\/figcaption><\/figure>\n<p>Unesco tambi\u00e9n ha se\u00f1alado como ejemplar la legislaci\u00f3n desarrollada por la Consejer\u00eda de Cultura de la Junta de Andaluc\u00eda, que reaccionaba ante la amenaza que vive el patrimonio arqueol\u00f3gico subacu\u00e1tico, tanto por actividades il\u00edcitas como leg\u00edtimas que pueden llegar a afectarle de manera negativa.<\/p>\n<p>Una Ley 14\/2007, de 26 de noviembre, de Patrimonio Hist\u00f3rico de Andaluc\u00eda, creaba las figuras \u00abZonas Arqueol\u00f3gicas\u00bb, en los espacios claramente delimitados en los que se ha comprobado la existencia de restos arqueol\u00f3gicos de inter\u00e9s relevante. Y \u00abZonas de Servidumbre Arqueol\u00f3gicas\u00bb, en aquellos espacios claramente determinados en los que se presuma, fundadamente, la existencia de restos arqueol\u00f3gicos y se considere necesario adoptar medidas precautorias.<\/p>\n<p><a href=\"https:\/\/spanish.peopledaily.com.cn\/n3\/2017\/0601\/c92122-9222805.html\" target=\"_blank\" rel=\"noopener noreferrer nofollow\">Fuente<\/a><\/p>\n","protected":false},"excerpt":{"rendered":"<p>La VI Reuni\u00f3n de Estados Partes de la Convenci\u00f3n de Patrimonio Cultural Subacu\u00e1tico, reunida hoy en Par\u00eds, ha aprobado la inclusi\u00f3n de cuatro proyectos espa\u00f1oles en el Registro de Buenas Pr\u00e1cticas en materia de protecci\u00f3n, conservaci\u00f3n y difusi\u00f3n del Patrimonio Cultural Subacu\u00e1tico. Han sido incluidos en el prestigioso Registro los proyectos \u2018Un naufragio romano para [&hellip;]<\/p>\n","protected":false},"author":1,"featured_media":1562,"comment_status":"open","ping_status":"closed","sticky":false,"template":"","format":"standard","meta":{"_jetpack_memberships_contains_paid_content":false,"footnotes":"","jetpack_publicize_message":"Cuatro pecios espa\u00f1oles incluidos por la UNESCO","jetpack_publicize_feature_enabled":true,"jetpack_social_post_already_shared":true,"jetpack_social_options":{"image_generator_settings":{"template":"highway","default_image_id":0,"font":"","enabled":false},"version":2}},"categories":[7],"tags":[],"class_list":["post-1556","post","type-post","status-publish","format-standard","has-post-thumbnail","hentry","category-noticias-arqueologia"],"jetpack_publicize_connections":[],"jetpack_featured_media_url":"https:\/\/www.historiayarqueologia.net\/wp-content\/uploads\/pecio-bou-ferrer-00.jpg","jetpack_sharing_enabled":true,"_links":{"self":[{"href":"https:\/\/www.historiayarqueologia.net\/index.php?rest_route=\/wp\/v2\/posts\/1556","targetHints":{"allow":["GET"]}}],"collection":[{"href":"https:\/\/www.historiayarqueologia.net\/index.php?rest_route=\/wp\/v2\/posts"}],"about":[{"href":"https:\/\/www.historiayarqueologia.net\/index.php?rest_route=\/wp\/v2\/types\/post"}],"author":[{"embeddable":true,"href":"https:\/\/www.historiayarqueologia.net\/index.php?rest_route=\/wp\/v2\/users\/1"}],"replies":[{"embeddable":true,"href":"https:\/\/www.historiayarqueologia.net\/index.php?rest_route=%2Fwp%2Fv2%2Fcomments&post=1556"}],"version-history":[{"count":2,"href":"https:\/\/www.historiayarqueologia.net\/index.php?rest_route=\/wp\/v2\/posts\/1556\/revisions"}],"predecessor-version":[{"id":1564,"href":"https:\/\/www.historiayarqueologia.net\/index.php?rest_route=\/wp\/v2\/posts\/1556\/revisions\/1564"}],"wp:featuredmedia":[{"embeddable":true,"href":"https:\/\/www.historiayarqueologia.net\/index.php?rest_route=\/wp\/v2\/media\/1562"}],"wp:attachment":[{"href":"https:\/\/www.historiayarqueologia.net\/index.php?rest_route=%2Fwp%2Fv2%2Fmedia&parent=1556"}],"wp:term":[{"taxonomy":"category","embeddable":true,"href":"https:\/\/www.historiayarqueologia.net\/index.php?rest_route=%2Fwp%2Fv2%2Fcategories&post=1556"},{"taxonomy":"post_tag","embeddable":true,"href":"https:\/\/www.historiayarqueologia.net\/index.php?rest_route=%2Fwp%2Fv2%2Ftags&post=1556"}],"curies":[{"name":"wp","href":"https:\/\/api.w.org\/{rel}","templated":true}]}}