{"id":1487,"date":"2017-02-23T16:28:06","date_gmt":"2017-02-23T15:28:06","guid":{"rendered":"https:\/\/www.historiayarqueologia.net\/?p=1487"},"modified":"2022-10-31T18:58:02","modified_gmt":"2022-10-31T17:58:02","slug":"flautista-hamelin-la-cruzada-los-ninos-oscar-fabrega","status":"publish","type":"post","link":"https:\/\/www.historiayarqueologia.net\/?p=1487","title":{"rendered":"El flautista de Hamelin y la cruzada de los ni\u00f1os por \u00d3scar F\u00e1brega"},"content":{"rendered":"<p><strong>El flautista de Hamelin y la cruzada de los ni\u00f1os.<\/strong> Perpetrado por <em>Oskarele<\/em><\/p>\n<p><img loading=\"lazy\" decoding=\"async\" loading=\"lazy\" class=\"wp-image-1489 size-full aligncenter\" src=\"https:\/\/www.historiayarqueologia.net\/wp-content\/uploads\/flautista-hamelin-cruzada-ninos-fb.jpg\" width=\"815\" height=\"330\" srcset=\"https:\/\/www.historiayarqueologia.net\/wp-content\/uploads\/flautista-hamelin-cruzada-ninos-fb.jpg 815w, https:\/\/www.historiayarqueologia.net\/wp-content\/uploads\/flautista-hamelin-cruzada-ninos-fb-300x121.jpg 300w, https:\/\/www.historiayarqueologia.net\/wp-content\/uploads\/flautista-hamelin-cruzada-ninos-fb-768x311.jpg 768w\" sizes=\"auto, (max-width: 815px) 100vw, 815px\" \/><\/p>\n<p>El otro d\u00eda habl\u00e1bamos de la conocida <a href=\"https:\/\/www.historiayarqueologia.net\/la-cruzada-de-los-ninos-oscar-fabrega\/\" target=\"_blank\" rel=\"noopener\">Cruzada de los Ni\u00f1os<\/a>, de 1212, en la que, supuestamente un mont\u00f3n de ni\u00f1os franceses (o alemanes, seg\u00fan la versi\u00f3n), se aventuraron rumbo a Tierra Santa para terminar o muertos o desaparecidos o convertidos en esclavos, seg\u00fan quien lo cuente. No est\u00e1 muy la veracidad hist\u00f3rica de este acontecimiento, aunque algo, al parecer, tuvo que haber. Lo que si es cierto es la relaci\u00f3n de esta historia con uno de los cuentos m\u00e1s famosos de nuestra infancia, \u201c<strong>El Flautista de Hamel\u00edn<\/strong>\u201d\u2026 vamos a ver un poco de que va esta movida\u2026<\/p>\n<p><strong>James P. O\u2019Donnell<\/strong> escribi\u00f3 un ensayo titulado \u201c<strong>What happened to these Children<\/strong>\u201d (Que pas\u00f3 con estos ni\u00f1os) en el que pretende encontrar la verdad hist\u00f3rica tras la historia del Flautista de Hamel\u00edn. Y propuso que esta presunta cruzada infantil dio lugar a la leyenda que nos ocupa. El caso es que es posible, pues solo separan estos hechos unos 70 a\u00f1os.<\/p>\n<p>Lo cierto es que el cuento documentado por los <strong>Hermanos Grimm<\/strong>, cuyo t\u00edtulo original alem\u00e1n es \u201c<strong>Rattenf\u00e4nger von Hameln<\/strong>\u201d, que se traducir\u00eda como <strong>El cazador de ratas de Hamel\u00edn<\/strong>, cuenta la historia de una misteriosa desgracia acaecida en la ciudad de Hamel\u00edn (Hameln en alem\u00e1n), de Alemania, el 26 de junio de 1284.<\/p>\n<p><img loading=\"lazy\" decoding=\"async\" loading=\"lazy\" class=\"wp-image-1491 size-full aligncenter\" src=\"https:\/\/www.historiayarqueologia.net\/wp-content\/uploads\/flautista-hamelin-cruzada-ninos.jpg\" width=\"830\" height=\"547\" srcset=\"https:\/\/www.historiayarqueologia.net\/wp-content\/uploads\/flautista-hamelin-cruzada-ninos.jpg 830w, https:\/\/www.historiayarqueologia.net\/wp-content\/uploads\/flautista-hamelin-cruzada-ninos-300x198.jpg 300w, https:\/\/www.historiayarqueologia.net\/wp-content\/uploads\/flautista-hamelin-cruzada-ninos-768x506.jpg 768w\" sizes=\"auto, (max-width: 830px) 100vw, 830px\" \/><\/p>\n<p>Tambi\u00e9n es muy conocida la versi\u00f3n de Robert Browning (1812-1889), escrita en verso y que podeis consultar aqu\u00ed: <a href=\"https:\/\/gantillano.blogspot.com.es\/2011\/05\/el-flautista-de-hamelin-robert-browning.html\" target=\"_blank\" rel=\"nofollow noopener\">https:\/\/gantillano.blogspot.com.es\/2011\/05\/el-flautista-de-hamelin-robert-browning.html<\/a><\/p>\n<p>El cuento cuenta como en 1284 el pueblo de Hamel\u00edn sufr\u00eda una terrible plaga de ratas. Pero un buen d\u00eda un desconocido apareci\u00f3 y se ofreci\u00f3 para liberarles de los roedores, a cambio de una suculenta recompensa. El pueblo acept\u00f3 y el desconocido comenz\u00f3 a tocar la flauta, atrayendo a todas las ratas con su m\u00fasica. Se dirigi\u00f3 hacia el rio Weser donde, finalmente, perecieron ahogadas. Pero, al reclamar su recompensa, los aldeanos se negaron a pagarle.<br \/>\nEl cazador de ratas, indignado, se fue, para regresar poco despu\u00e9s en busca de venganza. Volvi\u00f3 a tocar la flauta y su extra\u00f1a m\u00fasica. Pero esta vez fueron los ni\u00f1os y ni\u00f1as del pueblo los que le siguieron, y abandonaron el pueblo, llev\u00e1ndolos hasta una cueva, para no ser vistos nunca m\u00e1s.<\/p>\n<p>El caso es que la historia no tiene un origen claro. Unos argumentan que hace referencia, en realidad, a la expansi\u00f3n hacia el este (Ostsiedlung) de los habitantes de la Baja Alemania entre los siglos XII y XV. Los ni\u00f1os de Hamel\u00edn ser\u00edan los j\u00f3venes de la ciudad que fueron reclutados para tal empresa. Otros plantean que los ni\u00f1os fueron v\u00edctimas de alg\u00fan tipo accidente por el cual se ahogaron en el r\u00edo Weser (que pasa por Hamel\u00edn) o fueron enterrados por alg\u00fan deslizamiento de tierra. Tambi\u00e9n se ha sugerido que los ni\u00f1os, en realidad, padec\u00edan alguna enfermedad contagiosa que oblig\u00f3 a alejarlos del pueblo.<\/p>\n<p>Y luego est\u00e1 la extendida idea de que en realidad hace alusi\u00f3n a la Cruzada de los Ni\u00f1os, versi\u00f3n alemana, de la que hablamos en el art\u00edculo anterior de esta secci\u00f3n. El flautista representar\u00eda al joven Nikolaus de la leyenda, aquel que, tras escuchar a Jesucristo, comenz\u00f3 a reclutar a ni\u00f1os para emprender una cruzada en Tierra Santa.<\/p>\n<p><img loading=\"lazy\" decoding=\"async\" loading=\"lazy\" class=\"wp-image-1184 size-full aligncenter\" src=\"https:\/\/www.historiayarqueologia.net\/wp-content\/uploads\/la-cruzada-de-los-ninos5.jpg\" width=\"815\" height=\"330\" srcset=\"https:\/\/www.historiayarqueologia.net\/wp-content\/uploads\/la-cruzada-de-los-ninos5.jpg 815w, https:\/\/www.historiayarqueologia.net\/wp-content\/uploads\/la-cruzada-de-los-ninos5-300x121.jpg 300w, https:\/\/www.historiayarqueologia.net\/wp-content\/uploads\/la-cruzada-de-los-ninos5-768x311.jpg 768w\" sizes=\"auto, (max-width: 815px) 100vw, 815px\" \/><\/p>\n<p>Pero hay m\u00e1s datos: un tipo llamado Decan Lude, originario de Hamel\u00edn, inform\u00f3 hacia 1384 de que pose\u00eda un libro coral que conten\u00eda un verso que daba un testimonio del suceso. Dec\u00eda que este verso hab\u00eda sido escrito por su abuela. Lamentablemente este libro se considera perdido desde fines del siglo XVII. Pero en el pueblo de Hamelin se encuentra una inscripci\u00f3n de 1602 o 1603, que dice lo siguiente:<\/p>\n<p style=\"text-align: center\"><em>Anno 1284 am dage Johannis et Pauli<\/em><br \/>\n<em> war der 26. junii<\/em><br \/>\n<em> Dorch einen piper mit allerlei farve bekledet<\/em><br \/>\n<em> gewesen CXXX kinder verledet binnen Hamelen gebo[re]n<\/em><br \/>\n<em> to calvarie bi den koppen verloren<\/em><\/p>\n<p>Lo que puede traducirse al espa\u00f1ol como:<\/p>\n<p style=\"text-align: center\"><em>En el a\u00f1o de 1284 en el d\u00eda de Juan y Pablo<\/em><br \/>\n<em> siendo el 26 de junio<\/em><br \/>\n<em> por un flautista vestido con muchos colores,<\/em><br \/>\n<em> fueron seducidos 130 ni\u00f1os nacidos en Hamelin<\/em><br \/>\n<em> y se perdieron en el lugar del calvario, cerca de \u201ckoppen\u201c.<\/em><\/p>\n<p>Esta parece ser la menci\u00f3n m\u00e1s antigua del hecho.<\/p>\n<p>Por otro lado, existe una ley-costumbre largamente establecida en Hamel\u00edn, que proh\u00edbe cantar o tocar m\u00fasica en una calle particular de la ciudad, por respeto a las v\u00edctimas del legendario acontecimiento: la llamada <strong>Bungelosenstrasse<\/strong>, adyacente a la \u201c<strong>Casa del Flautista<\/strong>\u201d.<\/p>\n<p>Durante los desfiles p\u00fablicos con m\u00fasica, incluidas las procesiones matrimoniales, la banda musical deja de tocar al llegar a esta calle y contin\u00faa con la m\u00fasica una vez que la ha atravesado.<\/p>\n<p>Mas info y fuentes por<br \/>\naqu\u00ed: <a href=\"https:\/\/es.wikipedia.org\/wiki\/El_flautista_de_Hamel%C3%ADn\" target=\"_blank\" rel=\"nofollow noopener\">https:\/\/es.wikipedia.org\/wiki\/El_flautista_de_Hamel%C3%ADn<\/a><br \/>\naqu\u00ed: <a href=\"https:\/\/es.wikipedia.org\/wiki\/Cruzada_de_los_ni%C3%B1os\" target=\"_blank\" rel=\"nofollow noopener\">https:\/\/es.wikipedia.org\/wiki\/Cruzada_de_los_ni%C3%B1os<\/a><br \/>\naqu\u00ed: <a href=\"https:\/\/almaerrante.forumcommunity.net\/?t=2622190\" target=\"_blank\" rel=\"nofollow noopener\">https:\/\/almaerrante.forumcommunity.net\/?t=2622190<\/a><br \/>\naqu\u00ed: <a href=\"https:\/\/www.flautistico.com\/articulos\/el-flautista-del-flautista-de-hamelin\" target=\"_blank\" rel=\"nofollow noopener\">https:\/\/www.flautistico.com\/articulos\/el-flautista-del-flautista-de-hamelin<\/a><br \/>\naqu\u00ed: <a href=\"https:\/\/www.flautistico.com\/articulos\/el-flautista-de-hamelin-historia-oficial\" target=\"_blank\" rel=\"nofollow noopener\">https:\/\/www.flautistico.com\/articulos\/el-flautista-de-hamelin-historia-oficial<\/a><\/p>\n<div><a href=\"https:\/\/dekadans.nl\/\" rel=\"nofollow noopener\" target=\"_blank\">https:\/\/dekadans.nl\/<\/a><\/div>\n","protected":false},"excerpt":{"rendered":"<p>El flautista de Hamelin y la cruzada de los ni\u00f1os. Perpetrado por Oskarele El otro d\u00eda habl\u00e1bamos de la conocida Cruzada de los Ni\u00f1os, de 1212, en la que, supuestamente un mont\u00f3n de ni\u00f1os franceses (o alemanes, seg\u00fan la versi\u00f3n), se aventuraron rumbo a Tierra Santa para terminar o muertos o desaparecidos o convertidos en [&hellip;]<\/p>\n","protected":false},"author":1,"featured_media":1489,"comment_status":"open","ping_status":"closed","sticky":false,"template":"","format":"standard","meta":{"_jetpack_memberships_contains_paid_content":false,"footnotes":"","jetpack_publicize_message":"","jetpack_publicize_feature_enabled":true,"jetpack_social_post_already_shared":true,"jetpack_social_options":{"image_generator_settings":{"template":"highway","default_image_id":0,"font":"","enabled":false},"version":2}},"categories":[2],"tags":[],"class_list":["post-1487","post","type-post","status-publish","format-standard","has-post-thumbnail","hentry","category-edad-media"],"jetpack_publicize_connections":[],"jetpack_featured_media_url":"https:\/\/www.historiayarqueologia.net\/wp-content\/uploads\/flautista-hamelin-cruzada-ninos-fb.jpg","jetpack_sharing_enabled":true,"_links":{"self":[{"href":"https:\/\/www.historiayarqueologia.net\/index.php?rest_route=\/wp\/v2\/posts\/1487","targetHints":{"allow":["GET"]}}],"collection":[{"href":"https:\/\/www.historiayarqueologia.net\/index.php?rest_route=\/wp\/v2\/posts"}],"about":[{"href":"https:\/\/www.historiayarqueologia.net\/index.php?rest_route=\/wp\/v2\/types\/post"}],"author":[{"embeddable":true,"href":"https:\/\/www.historiayarqueologia.net\/index.php?rest_route=\/wp\/v2\/users\/1"}],"replies":[{"embeddable":true,"href":"https:\/\/www.historiayarqueologia.net\/index.php?rest_route=%2Fwp%2Fv2%2Fcomments&post=1487"}],"version-history":[{"count":6,"href":"https:\/\/www.historiayarqueologia.net\/index.php?rest_route=\/wp\/v2\/posts\/1487\/revisions"}],"predecessor-version":[{"id":3144,"href":"https:\/\/www.historiayarqueologia.net\/index.php?rest_route=\/wp\/v2\/posts\/1487\/revisions\/3144"}],"wp:featuredmedia":[{"embeddable":true,"href":"https:\/\/www.historiayarqueologia.net\/index.php?rest_route=\/wp\/v2\/media\/1489"}],"wp:attachment":[{"href":"https:\/\/www.historiayarqueologia.net\/index.php?rest_route=%2Fwp%2Fv2%2Fmedia&parent=1487"}],"wp:term":[{"taxonomy":"category","embeddable":true,"href":"https:\/\/www.historiayarqueologia.net\/index.php?rest_route=%2Fwp%2Fv2%2Fcategories&post=1487"},{"taxonomy":"post_tag","embeddable":true,"href":"https:\/\/www.historiayarqueologia.net\/index.php?rest_route=%2Fwp%2Fv2%2Ftags&post=1487"}],"curies":[{"name":"wp","href":"https:\/\/api.w.org\/{rel}","templated":true}]}}