{"id":1461,"date":"2017-02-17T16:13:17","date_gmt":"2017-02-17T15:13:17","guid":{"rendered":"https:\/\/www.historiayarqueologia.net\/?p=1461"},"modified":"2017-02-17T16:13:17","modified_gmt":"2017-02-17T15:13:17","slug":"campo-magnetico-y-arqueologia","status":"publish","type":"post","link":"https:\/\/www.historiayarqueologia.net\/?p=1461","title":{"rendered":"Campo magn\u00e9tico y arqueolog\u00eda"},"content":{"rendered":"<p><strong>El campo magn\u00e9tico y la arqueolog\u00eda<\/strong><\/p>\n<p><img fetchpriority=\"high\" decoding=\"async\" class=\"aligncenter wp-image-1465\" src=\"https:\/\/www.historiayarqueologia.net\/wp-content\/uploads\/arqueologia-campos-magneticos_01.jpg\" alt=\"El campo magn\u00e9tico y la arqueolog\u00eda\" width=\"800\" height=\"607\" srcset=\"https:\/\/www.historiayarqueologia.net\/wp-content\/uploads\/arqueologia-campos-magneticos_01.jpg 985w, https:\/\/www.historiayarqueologia.net\/wp-content\/uploads\/arqueologia-campos-magneticos_01-300x228.jpg 300w, https:\/\/www.historiayarqueologia.net\/wp-content\/uploads\/arqueologia-campos-magneticos_01-768x582.jpg 768w\" sizes=\"(max-width: 800px) 100vw, 800px\" \/><\/p>\n<p>Albert Einstein consideraba que el origen del campo magn\u00e9tico de la Tierra era uno de los cinco problemas no resueltos m\u00e1s importantes de la f\u00edsica. El debilitamiento del campo geomagn\u00e9tico, que se extiende desde el n\u00facleo del planeta hacia el espacio exterior y que fue registrado por vez primera hace 180 a\u00f1os, ha hecho que algunos se preocupen por el bienestar de la biosfera, teniendo en cuenta que dicho campo ayuda a protegerla.<\/p>\n<p>Pero un nuevo estudio a cargo de investigadores de la Universidad de Tel Aviv (TAU), la Universidad Hebrea de Jerusal\u00e9n y la de California en San Diego, esta en Estados Unidos y las dos primeras en Israel, ha conducido a la conclusi\u00f3n de que no hay raz\u00f3n para alarmarse: el campo geomagn\u00e9tico de la Tierra ha estado oscilando durante miles de a\u00f1os, sin que por tanto un debilitamiento progresivo implique que esa va a ser la tendencia de los a\u00f1os futuros.<\/p>\n<p><img decoding=\"async\" class=\"aligncenter wp-image-1466 size-full\" src=\"https:\/\/www.historiayarqueologia.net\/wp-content\/uploads\/arqueologia-campos-magneticos_04.jpg\" alt=\"El campo magn\u00e9tico y la arqueolog\u00eda\" width=\"800\" height=\"600\" srcset=\"https:\/\/www.historiayarqueologia.net\/wp-content\/uploads\/arqueologia-campos-magneticos_04.jpg 800w, https:\/\/www.historiayarqueologia.net\/wp-content\/uploads\/arqueologia-campos-magneticos_04-300x225.jpg 300w, https:\/\/www.historiayarqueologia.net\/wp-content\/uploads\/arqueologia-campos-magneticos_04-768x576.jpg 768w\" sizes=\"(max-width: 800px) 100vw, 800px\" \/><\/p>\n<p>Los datos obtenidos del an\u00e1lisis de asas de vasijas de Judea de las cuales se conoce bien en qu\u00e9 \u00e9poca se fabricaron, proporcionan informaci\u00f3n sobre los cambios en la intensidad del campo geomagn\u00e9tico entre los siglos octavo y segundo antes de Cristo. Lo que toda esta informaci\u00f3n indica es que dicho campo oscilaba, registr\u00e1ndose un pico durante el siglo VIII a.C.<\/p>\n<p><img decoding=\"async\" class=\"alignleft wp-image-1467\" src=\"https:\/\/www.historiayarqueologia.net\/wp-content\/uploads\/arqueologia-campos-magneticos_03.jpg\" alt=\"Erez Ben-Yosef\" width=\"98\" height=\"103\" srcset=\"https:\/\/www.historiayarqueologia.net\/wp-content\/uploads\/arqueologia-campos-magneticos_03.jpg 316w, https:\/\/www.historiayarqueologia.net\/wp-content\/uploads\/arqueologia-campos-magneticos_03-286x300.jpg 286w\" sizes=\"(max-width: 98px) 100vw, 98px\" \/>La cer\u00e1mica, la arcilla cocida, los ladrillos de barro cocidos, la escoria de cobre, casi cualquier cosa que fue calentada y despu\u00e9s enfriada, puede convertirse en un sistema de registro de los componentes del campo magn\u00e9tico terrestre en el momento del suceso, tal como se\u00f1ala <a href=\"https:\/\/www.pnas.org\/search?author1=Erez+Ben-Yosef&amp;sortspec=date&amp;submit=Submit\" target=\"_blank\" rel=\"nofollow noopener\">Erez Ben-Yosef<\/a>, del Instituto de Arqueolog\u00eda de la TAU, coautor del nuevo estudio. Las cer\u00e1micas en concreto poseen diminutos minerales a modo de \u201cgrabadores\u201d magn\u00e9ticos que almacenan informaci\u00f3n sobre el campo magn\u00e9tico del momento en que, por ejemplo, la arcilla se hallaba en el horno. El comportamiento del campo magn\u00e9tico en el pasado puede ser pues estudiado examinando los objetos arqueol\u00f3gicos hechos con los materiales id\u00f3neos.<\/p>\n<p><a href=\"https:\/\/www.pnas.org\/content\/early\/2017\/02\/07\/1615797114\" target=\"_blank\" rel=\"nofollow noopener\">Fuente<\/a><\/p>\n","protected":false},"excerpt":{"rendered":"<p>El campo magn\u00e9tico y la arqueolog\u00eda Albert Einstein consideraba que el origen del campo magn\u00e9tico de la Tierra era uno de los cinco problemas no resueltos m\u00e1s importantes de la f\u00edsica. El debilitamiento del campo geomagn\u00e9tico, que se extiende desde el n\u00facleo del planeta hacia el espacio exterior y que fue registrado por vez primera [&hellip;]<\/p>\n","protected":false},"author":1,"featured_media":1463,"comment_status":"open","ping_status":"closed","sticky":false,"template":"","format":"standard","meta":{"_jetpack_memberships_contains_paid_content":false,"footnotes":"","jetpack_publicize_message":"","jetpack_publicize_feature_enabled":true,"jetpack_social_post_already_shared":true,"jetpack_social_options":{"image_generator_settings":{"template":"highway","default_image_id":0,"font":"","enabled":false},"version":2}},"categories":[7],"tags":[],"class_list":["post-1461","post","type-post","status-publish","format-standard","has-post-thumbnail","hentry","category-noticias-arqueologia"],"jetpack_publicize_connections":[],"jetpack_featured_media_url":"https:\/\/www.historiayarqueologia.net\/wp-content\/uploads\/arqueologia-campos-magneticos_web.jpg","jetpack_sharing_enabled":true,"_links":{"self":[{"href":"https:\/\/www.historiayarqueologia.net\/index.php?rest_route=\/wp\/v2\/posts\/1461","targetHints":{"allow":["GET"]}}],"collection":[{"href":"https:\/\/www.historiayarqueologia.net\/index.php?rest_route=\/wp\/v2\/posts"}],"about":[{"href":"https:\/\/www.historiayarqueologia.net\/index.php?rest_route=\/wp\/v2\/types\/post"}],"author":[{"embeddable":true,"href":"https:\/\/www.historiayarqueologia.net\/index.php?rest_route=\/wp\/v2\/users\/1"}],"replies":[{"embeddable":true,"href":"https:\/\/www.historiayarqueologia.net\/index.php?rest_route=%2Fwp%2Fv2%2Fcomments&post=1461"}],"version-history":[{"count":2,"href":"https:\/\/www.historiayarqueologia.net\/index.php?rest_route=\/wp\/v2\/posts\/1461\/revisions"}],"predecessor-version":[{"id":1468,"href":"https:\/\/www.historiayarqueologia.net\/index.php?rest_route=\/wp\/v2\/posts\/1461\/revisions\/1468"}],"wp:featuredmedia":[{"embeddable":true,"href":"https:\/\/www.historiayarqueologia.net\/index.php?rest_route=\/wp\/v2\/media\/1463"}],"wp:attachment":[{"href":"https:\/\/www.historiayarqueologia.net\/index.php?rest_route=%2Fwp%2Fv2%2Fmedia&parent=1461"}],"wp:term":[{"taxonomy":"category","embeddable":true,"href":"https:\/\/www.historiayarqueologia.net\/index.php?rest_route=%2Fwp%2Fv2%2Fcategories&post=1461"},{"taxonomy":"post_tag","embeddable":true,"href":"https:\/\/www.historiayarqueologia.net\/index.php?rest_route=%2Fwp%2Fv2%2Ftags&post=1461"}],"curies":[{"name":"wp","href":"https:\/\/api.w.org\/{rel}","templated":true}]}}