{"id":1376,"date":"2016-05-27T12:35:43","date_gmt":"2016-05-27T10:35:43","guid":{"rendered":"https:\/\/www.historiayarqueologia.net\/?p=1376"},"modified":"2016-05-27T12:39:24","modified_gmt":"2016-05-27T10:39:24","slug":"templo-neandertal-175-000-anos","status":"publish","type":"post","link":"https:\/\/www.historiayarqueologia.net\/?p=1376","title":{"rendered":"\u00bfUn templo Neandertal de 175.000 a\u00f1os?"},"content":{"rendered":"<p><strong>\u00bfUn templo Neandertal de 175.000 a\u00f1os?<\/strong> Descubierta en el fondo de una cueva de Francia una construcci\u00f3n hecha con estalagmitas.<\/p>\n<p><img fetchpriority=\"high\" decoding=\"async\" class=\"aligncenter wp-image-1377 size-full\" src=\"https:\/\/www.historiayarqueologia.net\/wp-content\/uploads\/bruniquel-neandertal-175000-anos-1.jpg\" alt=\"templo Neandertal\" width=\"815\" height=\"330\" srcset=\"https:\/\/www.historiayarqueologia.net\/wp-content\/uploads\/bruniquel-neandertal-175000-anos-1.jpg 815w, https:\/\/www.historiayarqueologia.net\/wp-content\/uploads\/bruniquel-neandertal-175000-anos-1-300x121.jpg 300w, https:\/\/www.historiayarqueologia.net\/wp-content\/uploads\/bruniquel-neandertal-175000-anos-1-768x311.jpg 768w\" sizes=\"(max-width: 815px) 100vw, 815px\" \/><\/p>\n<p>&nbsp;<\/p>\n<p>Iluminados Iluminados con antorchas, los neandertales se adentraron en la cueva. Pasaron las primeras c\u00e1maras, que los osos utilizaban para hibernar. Recorrieron largas galer\u00edas hasta donde no llegaba ninguna luz del d\u00eda. Eran lo bastante anchas para avanzar sin tener que agacharse. Bordearon los peque\u00f1os lagos del interior de la cueva. A 336 metros de la entrada encontraron una c\u00e1mara enorme, como la nave de una iglesia, de 30 metros de longitud por 20 de anchura y 5 de altura.<\/p>\n<p><img decoding=\"async\" class=\"aligncenter wp-image-1378 size-full\" src=\"https:\/\/www.historiayarqueologia.net\/wp-content\/uploads\/bruniquel-neandertal-175000-anos-3.jpg\" alt=\"bruniquel templo Neandertal\" width=\"640\" height=\"356\" srcset=\"https:\/\/www.historiayarqueologia.net\/wp-content\/uploads\/bruniquel-neandertal-175000-anos-3.jpg 640w, https:\/\/www.historiayarqueologia.net\/wp-content\/uploads\/bruniquel-neandertal-175000-anos-3-300x167.jpg 300w\" sizes=\"(max-width: 640px) 100vw, 640px\" \/><\/p>\n<p>Fue el lugar que eligieron para construir su obra. Dos anillos de piedras que levantaron con fragmentos de estalagmitas. En el centro del anillo m\u00e1s grande, de casi siete metros de di\u00e1metro, situaron dos peque\u00f1as acumulaciones de estalagmitas. Como un Stonehenge en miniatura. Con la diferencia de que Stonehenge rend\u00eda culto al sol y estos anillos se crearon en un reino de oscuridad. Y de que Stonehenge fue construido por Homo sapiens hace 4.500 a\u00f1os y los anillos de estalagmitas fueron obra de neandertales hace unos 175.000 a\u00f1os.<\/p>\n<figure id=\"attachment_1379\" aria-describedby=\"caption-attachment-1379\" style=\"width: 795px\" class=\"wp-caption aligncenter\"><img decoding=\"async\" class=\"wp-image-1379 size-full\" src=\"https:\/\/www.historiayarqueologia.net\/wp-content\/uploads\/bruniquel-neandertal-175000-anos-2.jpg\" alt=\"bruniquel neandertal 175. 000 \" width=\"795\" height=\"496\" srcset=\"https:\/\/www.historiayarqueologia.net\/wp-content\/uploads\/bruniquel-neandertal-175000-anos-2.jpg 795w, https:\/\/www.historiayarqueologia.net\/wp-content\/uploads\/bruniquel-neandertal-175000-anos-2-300x187.jpg 300w, https:\/\/www.historiayarqueologia.net\/wp-content\/uploads\/bruniquel-neandertal-175000-anos-2-768x479.jpg 768w\" sizes=\"(max-width: 795px) 100vw, 795px\" \/><figcaption id=\"caption-attachment-1379\" class=\"wp-caption-text\">Reconstrucci\u00f3n 3D<\/figcaption><\/figure>\n<p>Son la obra m\u00e1s antigua que se ha descubierto de los antiguos pobladores de Europa. Un descubrimiento que demuestra que los neandertales ten\u00edan <em>\u201cun nivel de organizaci\u00f3n social m\u00e1s complejo de lo que se pensaba hasta ahora<\/em>\u201d y que eran capaces de realizar actividades en las profundidades de las cuevas, seg\u00fan los resultados de la investigaci\u00f3n que se presentan esta semana online en la revista <a href=\"https:\/\/www.nature.com\/nature\/journal\/vaop\/ncurrent\/full\/nature18291.html\" target=\"_blank\" rel=\"nofollow noopener\">Nature<\/a>.<\/p>\n<h2>\u00bfUn templo Neandertal?<\/h2>\n<p><em>\u201cEsto no era un campamento ni un lugar donde viv\u00edan. \u00bfPara qu\u00e9 iban a ir tan lejos de la luz del d\u00eda?\u201d<\/em>, declara por correo electr\u00f3nico <strong>Jacques Jaubert<\/strong>, prehistoriador de la Universidad de Burdeos (Francia) y primer autor de la investigaci\u00f3n. Seg\u00fan Jaubert, \u201c<em><strong>podr\u00edamos asumir alg\u00fan tipo de comportamiento simb\u00f3lico o ritual<\/strong><\/em>\u201d, pero advierte que la funci\u00f3n de los anillos de estalagmitas se desconoce.<\/p>\n<p>Las construcciones fueron descubiertas en 1990 en la <strong>Cueva de Bruniquel<\/strong>, situada en el sur de Francia ante un meandro del r\u00edo Aveyron. Sin embargo, no se han podido fechar hasta ahora. La dataci\u00f3n de <strong>176.500 a\u00f1os<\/strong> (con un margen de error de 2.100 a\u00f1os) es lo que indica que fueron obra de neandertales, ya que es la \u00fanica especie conocida en el sur de Europa en aquella \u00e9poca.<\/p>\n<p><img loading=\"lazy\" decoding=\"async\" class=\"aligncenter size-full wp-image-1380\" src=\"https:\/\/www.historiayarqueologia.net\/wp-content\/uploads\/bruniquel-neandertal-175000-anos-4.jpg\" alt=\"bruniquel-neandertal-175000-anos-4\" width=\"946\" height=\"991\" srcset=\"https:\/\/www.historiayarqueologia.net\/wp-content\/uploads\/bruniquel-neandertal-175000-anos-4.jpg 946w, https:\/\/www.historiayarqueologia.net\/wp-content\/uploads\/bruniquel-neandertal-175000-anos-4-286x300.jpg 286w, https:\/\/www.historiayarqueologia.net\/wp-content\/uploads\/bruniquel-neandertal-175000-anos-4-768x805.jpg 768w\" sizes=\"(max-width: 946px) 100vw, 946px\" \/><\/p>\n<p>Sin embargo, no se han encontrado f\u00f3siles de neandertales ni herramientas de piedra en la cueva de Bruniquel. Los investigadores tampoco han estudiado todav\u00eda si los restos de otros animales hallados en las c\u00e1maras de la cueva m\u00e1s pr\u00f3ximas a la entrada tienen marcas de cortes o alg\u00fan otro signo de actividad humana, informa Jaubert.<\/p>\n<p>Las construcciones, que incluyen los dos anillos y cuatro acumulaciones de piedras, est\u00e1n formadas por unas 400 piezas. Sumadas, pesan 2,2 toneladas. La mayor\u00eda de estas piezas, con un peso medio de 5,5 kilos, tienen unos 30 cent\u00edmetros de longitud, lo que indica que fueron talladas expresamente del mismo tama\u00f1o para elaborar las construcciones.<\/p>\n<p>Si el anillo grande mide casi siete metros de di\u00e1metro, el peque\u00f1o mide poco m\u00e1s de dos. Las paredes, formadas por hasta cuatro capas superpuestas de estalagmitas, llegan a cuarenta cent\u00edmetros de altura. <strong>Debi\u00f3 ser un trabajo de semanas o meses para un grupo de varios neandertales.<\/strong> El n\u00famero de individuos que particip\u00f3 en la construcci\u00f3n no se ha podido determinar.<\/p>\n<p><img loading=\"lazy\" decoding=\"async\" class=\"aligncenter size-full wp-image-1381\" src=\"https:\/\/www.historiayarqueologia.net\/wp-content\/uploads\/bruniquel-neandertal-175000-anos-5.jpg\" alt=\"bruniquel-neandertal-175000-anos-5\" width=\"1280\" height=\"720\" srcset=\"https:\/\/www.historiayarqueologia.net\/wp-content\/uploads\/bruniquel-neandertal-175000-anos-5.jpg 1280w, https:\/\/www.historiayarqueologia.net\/wp-content\/uploads\/bruniquel-neandertal-175000-anos-5-300x169.jpg 300w, https:\/\/www.historiayarqueologia.net\/wp-content\/uploads\/bruniquel-neandertal-175000-anos-5-768x432.jpg 768w, https:\/\/www.historiayarqueologia.net\/wp-content\/uploads\/bruniquel-neandertal-175000-anos-5-1024x576.jpg 1024w\" sizes=\"(max-width: 1280px) 100vw, 1280px\" \/><\/p>\n<p>Muchas de las piezas presentan manchas oscuras causadas por fuego. Asimismo, en uno de los anillos se ha encontrado un fragmento de hueso de 6,7 cent\u00edmetros de longitud, probablemente de un oso o de un gran herb\u00edvoro, que fue sometido a altas temperaturas. Todo ello demuestra que los neandertales de Bruniquel ya controlaban el fuego y explica que pudieran adentrarse hasta el fondo de la cueva.<\/p>\n<p><em>\u201cEs un descubrimiento excepcional\u201d<\/em>, declara <strong>Robert Sala<\/strong>, director del <strong>Institut de Paleoecologia Humana i Evoluci\u00f3 Social (Iphes) en Tarragon<\/strong>a. <em>\u201cSe suma a otras investigaciones que en los \u00faltimos a\u00f1os han cambiado la imagen de los neandertales al demostrar que ya ten\u00edan comportamientos modernos. Pero tiene el gran valor de la dataci\u00f3n de 175.000 a\u00f1os, porque los comportamientos modernos de los neandertales se hab\u00edan observado en fechas m\u00e1s recientes y quedaba la duda de si los hab\u00edan adquirido imitando a los Homo sapiens, que se extendieron por Europa hace poco m\u00e1s de 40.000 a\u00f1os. Ahora queda claro que los neandertales ten\u00edan comportamientos que consideramos modernos y que no los copiaron de nadie<\/em>\u201d.<\/p>\n<p><a href=\"https:\/\/www.lavanguardia.com\/ciencia\/20160525\/402039591476\/circulos-piedras-neandertales-cueva-bruniquel.html\" target=\"_blank\" rel=\"nofollow noopener\">Fuente<\/a><\/p>\n","protected":false},"excerpt":{"rendered":"<p>\u00bfUn templo Neandertal de 175.000 a\u00f1os? Descubierta en el fondo de una cueva de Francia una construcci\u00f3n hecha con estalagmitas. &nbsp; Iluminados Iluminados con antorchas, los neandertales se adentraron en la cueva. Pasaron las primeras c\u00e1maras, que los osos utilizaban para hibernar. Recorrieron largas galer\u00edas hasta donde no llegaba ninguna luz del d\u00eda. Eran lo [&hellip;]<\/p>\n","protected":false},"author":1,"featured_media":1377,"comment_status":"open","ping_status":"closed","sticky":false,"template":"","format":"standard","meta":{"_jetpack_memberships_contains_paid_content":false,"footnotes":"","jetpack_publicize_message":"\u00bfUn templo Neandertal de 175.000 a\u00f1os?","jetpack_publicize_feature_enabled":true,"jetpack_social_post_already_shared":true,"jetpack_social_options":{"image_generator_settings":{"template":"highway","default_image_id":0,"font":"","enabled":false},"version":2}},"categories":[7,13],"tags":[],"class_list":["post-1376","post","type-post","status-publish","format-standard","has-post-thumbnail","hentry","category-noticias-arqueologia","category-prehistoria"],"jetpack_publicize_connections":[],"jetpack_featured_media_url":"https:\/\/www.historiayarqueologia.net\/wp-content\/uploads\/bruniquel-neandertal-175000-anos-1.jpg","jetpack_sharing_enabled":true,"_links":{"self":[{"href":"https:\/\/www.historiayarqueologia.net\/index.php?rest_route=\/wp\/v2\/posts\/1376","targetHints":{"allow":["GET"]}}],"collection":[{"href":"https:\/\/www.historiayarqueologia.net\/index.php?rest_route=\/wp\/v2\/posts"}],"about":[{"href":"https:\/\/www.historiayarqueologia.net\/index.php?rest_route=\/wp\/v2\/types\/post"}],"author":[{"embeddable":true,"href":"https:\/\/www.historiayarqueologia.net\/index.php?rest_route=\/wp\/v2\/users\/1"}],"replies":[{"embeddable":true,"href":"https:\/\/www.historiayarqueologia.net\/index.php?rest_route=%2Fwp%2Fv2%2Fcomments&post=1376"}],"version-history":[{"count":1,"href":"https:\/\/www.historiayarqueologia.net\/index.php?rest_route=\/wp\/v2\/posts\/1376\/revisions"}],"predecessor-version":[{"id":1382,"href":"https:\/\/www.historiayarqueologia.net\/index.php?rest_route=\/wp\/v2\/posts\/1376\/revisions\/1382"}],"wp:featuredmedia":[{"embeddable":true,"href":"https:\/\/www.historiayarqueologia.net\/index.php?rest_route=\/wp\/v2\/media\/1377"}],"wp:attachment":[{"href":"https:\/\/www.historiayarqueologia.net\/index.php?rest_route=%2Fwp%2Fv2%2Fmedia&parent=1376"}],"wp:term":[{"taxonomy":"category","embeddable":true,"href":"https:\/\/www.historiayarqueologia.net\/index.php?rest_route=%2Fwp%2Fv2%2Fcategories&post=1376"},{"taxonomy":"post_tag","embeddable":true,"href":"https:\/\/www.historiayarqueologia.net\/index.php?rest_route=%2Fwp%2Fv2%2Ftags&post=1376"}],"curies":[{"name":"wp","href":"https:\/\/api.w.org\/{rel}","templated":true}]}}