{"id":1303,"date":"2016-05-23T14:35:17","date_gmt":"2016-05-23T12:35:17","guid":{"rendered":"https:\/\/www.historiayarqueologia.net\/?p=1303"},"modified":"2016-05-23T15:52:18","modified_gmt":"2016-05-23T13:52:18","slug":"mundo-carlomagno-alma-leonor","status":"publish","type":"post","link":"https:\/\/www.historiayarqueologia.net\/?p=1303","title":{"rendered":"El mundo de Carlomagno por Alma Leonor"},"content":{"rendered":"<p><strong>El mundo de Carlomagno por Alma Leonor<\/strong><\/p>\n<p><img fetchpriority=\"high\" decoding=\"async\" class=\"alignleft wp-image-1304\" src=\"https:\/\/www.historiayarqueologia.net\/wp-content\/uploads\/retrato-de-carlomagno-por-alberto-durero.jpg\" alt=\"retrato-de-carlomagno-por-alberto-durero\" width=\"250\" height=\"514\" srcset=\"https:\/\/www.historiayarqueologia.net\/wp-content\/uploads\/retrato-de-carlomagno-por-alberto-durero.jpg 432w, https:\/\/www.historiayarqueologia.net\/wp-content\/uploads\/retrato-de-carlomagno-por-alberto-durero-146x300.jpg 146w\" sizes=\"(max-width: 250px) 100vw, 250px\" \/>Ten\u00eda yo ganas de hablar de uno de los grandes personajes de la Historia Universal, un personaje al que se le suele calificar como el palad\u00edn del renacimiento del lat\u00edn y de la cultura occidental, e incluso tambi\u00e9n del europe\u00edsmo.<\/p>\n<p>Este personaje es <strong>Carlomagno<\/strong> (747-814), y la historia de su vida est\u00e1 muy relacionada con el d\u00eda de <strong>Navidad<\/strong>.<\/p>\n<p>El principio y origen de su legado, sin embargo, hay que buscarlo mucho antes de su nacimiento. Para comprender el alcance del personaje hay que conocer primero el mundo en el que va a surgir Carlomagno y despu\u00e9s se podr\u00e1 entender mejor el mundo que \u00e9l leg\u00f3 a la Historia.<\/p>\n<p>Empecemos por tanto por conocer su <strong>origen \u00e9tnico<\/strong>\u2026 <strong>Los Francos<\/strong>, uno de esos grupos germanos que ya sin el paraguas del Imperio Romano, se instalan en el convulso mundo europeo alto medieval.<\/p>\n<p>Eran varias tribus de guerreros, principalmente <strong>Salios, Ripuarios y Sicambrios<\/strong>, pero tambi\u00e9n: Camavos, T\u00e9ncteros, Br\u00facteros, Actuarios, Tuiabtes, Ansivarios, Usipetes, Tubantes, Catos\u2026 etc., y hab\u00edan sido aliados del Imperio Romano, formando parte del ej\u00e9rcito. La primera uni\u00f3n de tribus pudo tener lugar en el a\u00f1o 166 en el marco de la lucha de los romanos contra los Marcomanni, tambi\u00e9n germanos, de la Panonia. Tras la victoria se hacen llamar <strong>FRANCOS<\/strong> a s\u00ed mismos con el significado de \u201clos valientes, los libres\u201d, y se van haciendo con un territorio que, a lo largo de toda su historia, lleg\u00f3 a ocupar lo que hoy ser\u00eda aproximadamente, <strong>Francia, B\u00e9lgica, Pa\u00edses Bajos, Alemania<\/strong> y una parte del<strong> norte de Italia<\/strong>. Su primer y m\u00edtico rey, <strong>Meroveo<\/strong>, art\u00edfice de la uni\u00f3n federada con Roma, fue el origen de la <strong>dinast\u00eda Merovingia<\/strong>.<\/p>\n<p><img decoding=\"async\" class=\"wp-image-1307 size-full aligncenter\" src=\"https:\/\/www.historiayarqueologia.net\/wp-content\/uploads\/v-barbaros2.jpg\" alt=\"v-barbaros2\" width=\"640\" height=\"514\" srcset=\"https:\/\/www.historiayarqueologia.net\/wp-content\/uploads\/v-barbaros2.jpg 640w, https:\/\/www.historiayarqueologia.net\/wp-content\/uploads\/v-barbaros2-300x241.jpg 300w\" sizes=\"(max-width: 640px) 100vw, 640px\" \/><\/p>\n<p>Esta dinast\u00eda Merovingia, famosa por las historias noveladas de <strong>c\u00e1taros y griales<\/strong>, fueron protagonistas en realidad de enconadas intrigas palaciegas de reyes, nobles y sus mujeres, que dar\u00edan para mucho m\u00e1s que todo lo que se ha escrito sobre ellos hasta hoy. Y eso que tenemos muy pocos datos sobre su historia, porque eran todos poco dados a los registros y no dejaron apenas escritos. Como muestra, no se conoce con exactitud ni el a\u00f1o ni el lugar del nacimiento de Carlomagno. Lo que sabemos de los francos y merovingios es principalmente por <strong>Gregorio de Tours<\/strong> (538-594), y su obra Historia Francorum (Historia de los francos).<\/p>\n<p><img decoding=\"async\" class=\" wp-image-1340 alignleft\" src=\"https:\/\/www.historiayarqueologia.net\/wp-content\/uploads\/clodoveo-1-1.jpg\" alt=\"clodoveo-1\" width=\"197\" height=\"184\" srcset=\"https:\/\/www.historiayarqueologia.net\/wp-content\/uploads\/clodoveo-1-1.jpg 340w, https:\/\/www.historiayarqueologia.net\/wp-content\/uploads\/clodoveo-1-1-300x281.jpg 300w\" sizes=\"(max-width: 197px) 100vw, 197px\" \/>El personaje m\u00e1s destacado de esa obra fue <strong>Clodoveo I<\/strong> (466-511), de los salios (aunque Gregorio de Tours le sit\u00faa entre los sicambrios). Con 15 a\u00f1os, en el 481, fue ya jefe de su tribu y nombrado rey de los francos. Supo hacerse con un gran poder merced a varias estrategias: Primero se granje\u00f3 las simpat\u00edas de la iglesia y de la nobleza galorromana gracias al obispo de Reims, San Remigio; luego se cas\u00f3 con una princesa cristiana de la poderosa estirpe de los burgundios, llamada Clotilde, sellando as\u00ed una uni\u00f3n de tribus con la que vencieron a los alamanes en batalla; y, merced a una promesa hecha si venc\u00eda en esa guerra, se convirti\u00f3 al cristianismo junto con 3.000 de sus hombres, el d\u00eda de Navidad, el 25 de diciembre del a\u00f1o 499 (a\u00f1o aproximado, no se sabe con exactitud). Dijo Remigio a Clodoveo: \u201cSicambrio, agacha la cerviz: adora lo que quemaste, quema lo que adoraste\u201d (Historia Francorum, Libro 2\u00ba, cap. XXXI).<\/p>\n<p><img loading=\"lazy\" decoding=\"async\" class=\"size-medium wp-image-1309 alignright\" src=\"https:\/\/www.historiayarqueologia.net\/wp-content\/uploads\/clodoveo-223x300.jpg\" alt=\"clodoveo\" width=\"223\" height=\"300\" srcset=\"https:\/\/www.historiayarqueologia.net\/wp-content\/uploads\/clodoveo-223x300.jpg 223w, https:\/\/www.historiayarqueologia.net\/wp-content\/uploads\/clodoveo.jpg 250w\" sizes=\"(max-width: 223px) 100vw, 223px\" \/>Y con esta conversi\u00f3n la Iglesia le corona Rey al tiempo que santifica su estirpe como la \u00fanica con car\u00e1cter real. Pero para asegurarse de ello, ya que la monarqu\u00eda entre los germanos era electiva, Clodoveo mand\u00f3 asesinar a lo largo de su vida a todos los posibles rivales de todas las tribus francas susceptibles de sucederle en el trono. Vencidos de nuevo los burgundios, se anexion\u00f3 su territorio (Borgo\u00f1a) y fue rey hasta su muerte, acaecida en Par\u00eds en el 511, a los 45 a\u00f1os de edad, configurando as\u00ed el reinado merovingio m\u00e1s largo de su historia.<\/p>\n<p>El nombre de Clodoveo proviene de una ra\u00edz del antiguo alto-alem\u00e1n que podr\u00eda traducirse por el actual Ludwig, latinizado a Ludovico o Luis, nombres todos ellos muy vinculados a las realezas europeas, sobre todo francesas, cuya especial relaci\u00f3n con la originaria dinast\u00eda de los francos llega hasta el siglo XIX. Por ejemplo, hasta 1825, con Carlos II de Francia, los reyes galos se coronaban en la Catedral de Reims.<\/p>\n<p><img loading=\"lazy\" decoding=\"async\" class=\"size-medium wp-image-1310 alignleft\" src=\"https:\/\/www.historiayarqueologia.net\/wp-content\/uploads\/franks-245x300.jpg\" alt=\"franks\" width=\"245\" height=\"300\" srcset=\"https:\/\/www.historiayarqueologia.net\/wp-content\/uploads\/franks-245x300.jpg 245w, https:\/\/www.historiayarqueologia.net\/wp-content\/uploads\/franks.jpg 261w\" sizes=\"(max-width: 245px) 100vw, 245px\" \/>Para abreviar un poco, porque ser\u00eda mucho lo que se podr\u00eda contar de esta estirpe, digamos que los reyes merovingios son los primeros \u201cb\u00e1rbaros\u201d en convertirse a la fe cat\u00f3lica. La mayor\u00eda de los germanos eran paganos, y los que profesaban el cristianismo lo hac\u00edan en la fe arriana por influencia de la oriental Bizancio, y por eso, es tan importante esa relaci\u00f3n de apoyo mutuo entre la Iglesia de Roma, de occidente, y los gobernantes francos.<\/p>\n<p>Ahora hablemos de la estirpe de Carlomagno, que ciertamente no era merovingio, sino de la familia pip\u00ednida, llamada luego carolina.<\/p>\n<p>Los territorios francos estaban constituidos b\u00e1sicamente por dos grandes reinos: Austrasia (Germania y Turingia) y Neustria (Borgo\u00f1a y Provenza), que siempre estuvieron en crecimiento. Pues bien, para dirigir los asuntos de tan basto estado, los reyes merovingios contaron con una especie de \u201cministro\u201d llamado \u201cMayordomo de Palacio\u201d, uno por reino. Y esta tarea estuvo casi desde el principio en manos de la familia de los Pip\u00ednidas, empezando por Pippino de Landen, \u201cel Viejo\u201d, en el a\u00f1o 615. Y ya desde entonces se entabl\u00f3 una especie de animadversi\u00f3n manifiesta entre ambas dinast\u00edas, los Merovingios y los Pip\u00ednidas.<\/p>\n<p><img loading=\"lazy\" decoding=\"async\" class=\"wp-image-1311 size-full aligncenter\" src=\"https:\/\/www.historiayarqueologia.net\/wp-content\/uploads\/frankish_empire_481_to_814-es-svg.png\" alt=\"frankish_empire_481_to_814-es-svg\" width=\"640\" height=\"453\" srcset=\"https:\/\/www.historiayarqueologia.net\/wp-content\/uploads\/frankish_empire_481_to_814-es-svg.png 640w, https:\/\/www.historiayarqueologia.net\/wp-content\/uploads\/frankish_empire_481_to_814-es-svg-300x212.png 300w\" sizes=\"(max-width: 640px) 100vw, 640px\" \/><\/p>\n<p>Y esto fue as\u00ed porque eran los mayordomos pip\u00ednidas los que realmente gobernaban en los dos reinos. Con Clodoveo IV, en el a\u00f1o 680, Pippino de Heristal (Mayordomo ya desde Clodoveo III, con quien aparece en la imagen) es el que ocupa el cargo en todo el reino franco hasta el 714, cuando le sucede su hijo, ileg\u00edtimo, Carlos Martel (686-741), aut\u00e9ntico art\u00edfice de la denominaci\u00f3n Dinast\u00eda Carolingia (o carolina) y no Carlomagno. Carlos Martel lleg\u00f3 a reinar de facto en el a\u00f1o 737 a causa de la ineptitud y dejadez de los reyes merovingios, que fueron llamados por la historia \u201clos reyes perezosos\u201d.<img loading=\"lazy\" decoding=\"async\" class=\"size-medium wp-image-1312 alignleft\" src=\"https:\/\/www.historiayarqueologia.net\/wp-content\/uploads\/clovis_iii_and_pepin_of_herstal-238x300.png\" alt=\"clovis_iii_and_pepin_of_herstal\" width=\"238\" height=\"300\" srcset=\"https:\/\/www.historiayarqueologia.net\/wp-content\/uploads\/clovis_iii_and_pepin_of_herstal-238x300.png 238w, https:\/\/www.historiayarqueologia.net\/wp-content\/uploads\/clovis_iii_and_pepin_of_herstal.png 524w\" sizes=\"(max-width: 238px) 100vw, 238px\" \/><\/p>\n<p>Pero tambi\u00e9n eran conocidos como \u201clos reyes Taumaturgos\u201d porque se les atribu\u00eda una especie de poder m\u00e1gico con el que pod\u00edan curar enfermedades solo con la imposici\u00f3n de manos o con la posesi\u00f3n de una parte de su vestimenta. Esta creencia (que justifica por un lado la expoliaci\u00f3n de las tumbas merovingias) lleg\u00f3 a manifestarse tambi\u00e9n en la persona de reyes franceses medievales tal y como apuntaba el historiador Marc Bloch en un libro, titulado precisamente, \u201cLos Reyes Taumaturgos\u201d.<\/p>\n<p>Bien, con muchas haza\u00f1as y una vida casi de novela, Carlos Martel fue un gobernante clave para la historia en esta etapa tan temprana de la Edad Media: Libr\u00f3 a la Iglesia de Roma de la conquista de los lombardos; Y fue quien fren\u00f3 a los musulmanes en Poitiers, en el a\u00f1o 733, impidiendo que llegasen a conquistar toda Europa\u2026 Por cierto, que Martel, que significa \u201cmartillo\u201d, viene por esta victoria, y se le llam\u00f3 as\u00ed solo a partir de este momento.<\/p>\n<p><img loading=\"lazy\" decoding=\"async\" class=\"wp-image-1314 size-full alignright\" src=\"https:\/\/www.historiayarqueologia.net\/wp-content\/uploads\/carlosmartel.jpg\" alt=\"carlosmartel\" width=\"400\" height=\"347\" srcset=\"https:\/\/www.historiayarqueologia.net\/wp-content\/uploads\/carlosmartel.jpg 400w, https:\/\/www.historiayarqueologia.net\/wp-content\/uploads\/carlosmartel-300x260.jpg 300w\" sizes=\"(max-width: 400px) 100vw, 400px\" \/>Pero recordemos, Carlos Martel era \u00fanicamente Mayordomo de Palacio, no rey. Y a su muerte, son sus hijos quienes heredan ese t\u00edtulo, el de Mayordomo de Palacio. Y digamos que, tras varias intrigas palaciegas que acaban con las opciones de Grifon, su hijo bastardo, son Carlom\u00e1n y Pippino \u201cel Breve\u201d (porque era muy bajito), quienes van a heredar los cargos dividiendo el reino de nuevo: el primero ser\u00e1 Mayordomo de Austrasia y el segundo Mayordomo de Neustria.<\/p>\n<p>Con lo que hemos visto hasta aqu\u00ed ya tenemos una idea de c\u00f3mo se van a ir definiendo los dos grandes bloques territoriales europeos: Alemania y Francia.<\/p>\n<p>Pero seguimos\u2026 tras apartarse Carloman del cargo (era muy religioso y se retira al Monasterio italiano de Montecasino, un lugar con una historia fascinante por cierto) Pippino \u201cel Breve\u201d (715-768) consigue hacerse con el poder (como Mayordomo de Palacio, no lo olvidemos nunca) de nuevo de todo el territorio en el a\u00f1o 751. Entonces su ambici\u00f3n ya no tendr\u00e1 medida. Para granjearse las simpat\u00edas del pueblo franco y de los galorromanos del territorio, primero hace restituir al \u00faltimo rey merovingio, Childerico III, que estaba encerrado en un convento desde la \u00e9poca de su padre.<\/p>\n<p><img loading=\"lazy\" decoding=\"async\" class=\"size-medium wp-image-1315 alignleft\" src=\"https:\/\/www.historiayarqueologia.net\/wp-content\/uploads\/pc3a9pin_the_younger-243x300.jpg\" alt=\"pc3a9pin_the_younger\" width=\"243\" height=\"300\" srcset=\"https:\/\/www.historiayarqueologia.net\/wp-content\/uploads\/pc3a9pin_the_younger-243x300.jpg 243w, https:\/\/www.historiayarqueologia.net\/wp-content\/uploads\/pc3a9pin_the_younger.jpg 245w\" sizes=\"(max-width: 243px) 100vw, 243px\" \/>Y segundo, se cas\u00f3 con una princesa de estirpe merovingia, Bertrade de La\u00f3n, quien por cierto era llamada \u201cla del pie grande\u201d porque ten\u00eda un pie m\u00e1s grande que el otro\u2026 una curiosidad m\u00e1s en esta compleja historia, ya que algunos han asimilado su historia con la de la legendaria y m\u00edtica \u201creina pie de oca\u201d.<\/p>\n<p>No nos olvidamos de la Iglesia de Roma, no. Hay que recordar, antes de seguir, que en estos momentos no solo tiene como enemigos cercanos a los lombardos (con continuas incursiones y saqueos que amenazaban sus territorios), sino que tambi\u00e9n ten\u00eda muy cerquita de Roma, en el llamado exarcado de R\u00e1vena, a otro poderoso y gran enemigo, Bizancio (ocupaba varios territorios italianos en estos momentos), que es el Imperio Romano de oriente, continuador natural del Imperio romano en el mundo, y cuya presencia hegem\u00f3nica en el Mediterr\u00e1neo preocupaba a la Iglesia de Roma. Adem\u00e1s, el emperador Anastasio I (circa 430-518), mientras se enemistaba con la Iglesia a causa de una cuesti\u00f3n teol\u00f3gica arriana (el cisma del filioque), hab\u00eda nombrado a Clodoveo I, del que dec\u00edamos antes que era el rey m\u00e1s importante de los merovingios, \u201cC\u00f3nsul Imperial de la Galia\u201d, legitimando con ello su gobierno en tierras francas.<\/p>\n<p><img loading=\"lazy\" decoding=\"async\" class=\"wp-image-1316 size-full aligncenter\" src=\"https:\/\/www.historiayarqueologia.net\/wp-content\/uploads\/sin-ttulo.jpg\" alt=\"sin-ttulo\" width=\"600\" height=\"680\" srcset=\"https:\/\/www.historiayarqueologia.net\/wp-content\/uploads\/sin-ttulo.jpg 600w, https:\/\/www.historiayarqueologia.net\/wp-content\/uploads\/sin-ttulo-265x300.jpg 265w\" sizes=\"(max-width: 600px) 100vw, 600px\" \/><\/p>\n<p>Con este panorama va a suceder algo que trastoca todo lo imaginable pol\u00edticamente en ese momento, algo que hoy llamar\u00edamos un Golpe de Estado con colaboraci\u00f3n exterior. Pippino y el Papa, que es Zacar\u00edas en estos momentos y necesita de la defensa militar de los francos, acuerdan ayudarse mutuamente y encuentran una \u201cartima\u00f1a\u201d legal, la \u201ccausa inutilitatis\u201d que hab\u00eda llamado San Agust\u00edn.<\/p>\n<p><img loading=\"lazy\" decoding=\"async\" class=\"size-medium wp-image-1317 alignright\" src=\"https:\/\/www.historiayarqueologia.net\/wp-content\/uploads\/zacarias-294x300.jpg\" alt=\"zacarias\" width=\"294\" height=\"300\" srcset=\"https:\/\/www.historiayarqueologia.net\/wp-content\/uploads\/zacarias-294x300.jpg 294w, https:\/\/www.historiayarqueologia.net\/wp-content\/uploads\/zacarias.jpg 320w\" sizes=\"(max-width: 294px) 100vw, 294px\" \/>Pippino le pregunt\u00f3 al papa: \u201c\u00bfQui\u00e9n es m\u00e1s digno de llamarse Rey, aquel que lo es de nombre, o aquel que reina efectivamente?\u201d A lo que Zacar\u00edas le respondi\u00f3 que \u201cm\u00e1s vale llamar rey al que ejerce el poder que a quien solo lo tiene nominalmente\u201d. En pocas palabras: Fuera reyes in\u00fatiles\u2026 a su causa.<\/p>\n<p>Y nombr\u00f3 a Pippino rex francorum por \u201cderecho divino\u201d, un rey \u201cungido de Dios\u201d, acto realizado por San Bonifacio, que era el legado papal en el territorio franco. Una vez depuesto Childerico III, se produjo el cambio de dinast\u00eda franca, y no solo eso, sino que el camino que se ha recorrido es asombroso: Desde una monarqu\u00eda electa de los francos salios, se pasa a una monarqu\u00eda hereditaria de sangre de los merovingios y ahora a una monarqu\u00eda \u201cungida\u201d, investida como un poder que emana directamente de Dios y es sancionado por el papado, en la persona de los pipinidas, que ya son conocidos como carolingios. El propio Papa otorg\u00f3 a Pipino III (antes \u201cel breve\u201d) y a sus hijos el t\u00edtulo de \u201cPatricios de los Romanos\u201d (no nos olvidemos del cargo otorgado por Anastasio de Bizancio a Clodoveo, C\u00f3nsul Imperial), sellando as\u00ed la alianza perpetua con la Iglesia de Roma.<\/p>\n<p>\u00bfY qu\u00e9 es lo que obtiene la Iglesia a cambio? Pues recibe nada m\u00e1s y nada menos que la creaci\u00f3n de los Estados Pontificios. Pero fij\u00e9monos primero hasta donde lleg\u00f3 la inquina del derrocamiento. A Childerico III no solo lo apartan del poder y lo env\u00edan a un monasterio de por vida, sino que le cortan el pelo (para los merovingios, sus largos cabellos eran el s\u00edmbolo de su poder) y es tonsurado, algo que en lenguaje de la \u00e9poca significa que \u201cabre su mente a dios\u201d, es decir, se consagra a la vida mon\u00e1stica que implica castidad, es decir, no tener descendencia. Es el m\u00e1s perfecto y p\u00e9rfido fin pol\u00edtico de una persona y de una dinast\u00eda.<\/p>\n<p><img loading=\"lazy\" decoding=\"async\" class=\"wp-image-1318 size-full aligncenter\" src=\"https:\/\/www.historiayarqueologia.net\/wp-content\/uploads\/karte_kirchenstaat.jpg\" alt=\"karte_kirchenstaat\" width=\"640\" height=\"752\" srcset=\"https:\/\/www.historiayarqueologia.net\/wp-content\/uploads\/karte_kirchenstaat.jpg 640w, https:\/\/www.historiayarqueologia.net\/wp-content\/uploads\/karte_kirchenstaat-255x300.jpg 255w\" sizes=\"(max-width: 640px) 100vw, 640px\" \/><\/p>\n<p>Y a\u00fan m\u00e1s\u2026 Es as\u00ed como la Iglesia de Roma se \u201cdesvincula\u201d moralmente, dig\u00e1moslo as\u00ed, de la dependencia imperial de Bizancio, volviendo sus ojos hacia el nuevo y poderoso reino nacido en occidente, el de los francos carolingios, a cuyo poder se somete a la vez que lo sujeta. Una jugada maestra de la Iglesia de Roma, pero tambi\u00e9n de los Pip\u00ednidas. Es el inicio de la imbricaci\u00f3n religi\u00f3n-Estado en Europa.<\/p>\n<p>El nuevo Papa, Esteban II (Zacar\u00edas muere en el 752), pide a Pippino que acuda en su ayuda pues est\u00e1 siendo atacado, de nuevo, por los lombardos (tambi\u00e9n se pueden encontrar como longobardos, son los mismos). Es tan necesaria esta ayuda, que el papa viaja hasta la corte carolingia, siendo la primera vez que un papa emprende un viaje semejante.<\/p>\n<p><img loading=\"lazy\" decoding=\"async\" class=\"wp-image-1319 size-full aligncenter\" src=\"https:\/\/www.historiayarqueologia.net\/wp-content\/uploads\/donacionc.jpg\" alt=\"donacionc\" width=\"640\" height=\"518\" srcset=\"https:\/\/www.historiayarqueologia.net\/wp-content\/uploads\/donacionc.jpg 640w, https:\/\/www.historiayarqueologia.net\/wp-content\/uploads\/donacionc-300x243.jpg 300w\" sizes=\"(max-width: 640px) 100vw, 640px\" \/><\/p>\n<p>Y Pippino, que ser\u00eda \u201cbreve\u201d pero era m\u00e1s listo que las ratas coloradas, tiene con Esteban un gesto pol\u00edtico de suma importancia\u2026 se postra ante \u00e9l y le gu\u00eda tomando la brida de su caballo con sumisi\u00f3n\u2026 esto\u2026 lo hab\u00eda hecho Constantino el Grande con el papa Silvestre I en el siglo IV (en la imagen) y Gregorio de Tours hab\u00eda llamado a Clodoveo, rey merovingio, el \u201cnuevo Constantino\u201d. Pippino quer\u00eda entroncarse en la Historia, como igual, a los m\u00e1s grandes. Y una vez logrado, promete al papa no solo ayuda militar (se convertir\u00e1n as\u00ed en el \u201cbrazo armado\u201d de la Iglesia) sino tambi\u00e9n unos dominios lo suficientemente grandes y potentes (le entreg\u00f3 hasta 22 ciudades del centro de Italia) como para no temer m\u00e1s intentos de asalto. Y as\u00ed es como nacieron los Estados Pontificios.<\/p>\n<figure id=\"attachment_1320\" aria-describedby=\"caption-attachment-1320\" style=\"width: 640px\" class=\"wp-caption aligncenter\"><img loading=\"lazy\" decoding=\"async\" class=\"wp-image-1320 size-full\" src=\"https:\/\/www.historiayarqueologia.net\/wp-content\/uploads\/800px-gisant_de_pc3a9pin_le_bref_et_bertrade_de_laon_c3a0_la.jpg\" alt=\"Tumba de Pipino el Breve y Bertrade de La\u00f3n en la Basilique de Saint Denis\" width=\"640\" height=\"333\" srcset=\"https:\/\/www.historiayarqueologia.net\/wp-content\/uploads\/800px-gisant_de_pc3a9pin_le_bref_et_bertrade_de_laon_c3a0_la.jpg 640w, https:\/\/www.historiayarqueologia.net\/wp-content\/uploads\/800px-gisant_de_pc3a9pin_le_bref_et_bertrade_de_laon_c3a0_la-300x156.jpg 300w\" sizes=\"(max-width: 640px) 100vw, 640px\" \/><figcaption id=\"caption-attachment-1320\" class=\"wp-caption-text\">Tumba de Pipino el Breve y Bertrade de La\u00f3n en la Basilique de Saint Denis<\/figcaption><\/figure>\n<p>Terminando con Pippino III \u201cel breve\u201d (no lo olvidemos, dicen que med\u00eda 1,37 m de alto), anunciando su muerte en el a\u00f1o 768, tras dejar el reino en herencia a sus hijos, como era la costumbre de los francos (y lo seguir\u00e1 siendo con Carlomagno). El reino de Austrasia lo hereda su hijo Carloman I (751-771) y Neustria queda en manos de Carlomagno hasta que, a la muerte del primero, Carlomagno se hace con todo el reino, obliga a los hijos de Carloman a ingresar en un convento y se convierte en Rey de los Francos, de todo el Reino Franco de Occidente.<\/p>\n<figure id=\"attachment_1321\" aria-describedby=\"caption-attachment-1321\" style=\"width: 640px\" class=\"wp-caption aligncenter\"><img loading=\"lazy\" decoding=\"async\" class=\"wp-image-1321 size-full\" src=\"https:\/\/www.historiayarqueologia.net\/wp-content\/uploads\/carlomagno-busto1.jpg\" alt=\"Carlomagno\" width=\"640\" height=\"732\" srcset=\"https:\/\/www.historiayarqueologia.net\/wp-content\/uploads\/carlomagno-busto1.jpg 640w, https:\/\/www.historiayarqueologia.net\/wp-content\/uploads\/carlomagno-busto1-262x300.jpg 262w\" sizes=\"(max-width: 640px) 100vw, 640px\" \/><figcaption id=\"caption-attachment-1321\" class=\"wp-caption-text\">Carlomagno<\/figcaption><\/figure>\n<p>De Carlomagno hay m\u00e1s documentos hist\u00f3ricos que sobre los merovingios, sabemos un poquito m\u00e1s de \u00e9l, hay m\u00e1s fuentes, pero la principal es la obra \u201cVita Karoli Magni\u201d, vida de Carlomango, la biograf\u00eda que escribi\u00f3 el erudito franco Eginardo (770-840) bastantes a\u00f1os despu\u00e9s de su muerte, en el a\u00f1o 830. En boca de Eginardo, Carlomagno era \u201cancho y robusto y de estatura eminente\u201d\u2026 pero recordemos que era hijo de Pippino \u201cel breve\u201d\u2026 aqu\u00ed ya no cuadra algo, o Eginardo se dej\u00f3 entusiasmar por la fidelidad a su monarca, o la legitimidad de Carlomagno podr\u00eda haber sido discutida y eso no lo ha hecho nadie, as\u00ed que vamos a pensar que Eginardo, se entusiasma y que no es muy exhaustivo en su biograf\u00eda, pues no consigui\u00f3 averiguar ni la fecha ni el lugar de nacimiento de Carlomagno, como dec\u00edamos antes. Se supone que naci\u00f3 en Herstal, una ciudad hoy belga, pero no se sabe bien, ni tampoco cu\u00e1ndo: pudo ser entre el a\u00f1o 742 y el 748. S\u00ed que sabe que falleci\u00f3 en Aquisgr\u00e1n, capital de su Imperio, el 28 de enero del a\u00f1o 814.<\/p>\n<figure id=\"attachment_1322\" aria-describedby=\"caption-attachment-1322\" style=\"width: 640px\" class=\"wp-caption aligncenter\"><img loading=\"lazy\" decoding=\"async\" class=\"wp-image-1322 size-full\" src=\"https:\/\/www.historiayarqueologia.net\/wp-content\/uploads\/carlomagno-paris-notre-dame-estatua.jpg\" width=\"640\" height=\"567\" srcset=\"https:\/\/www.historiayarqueologia.net\/wp-content\/uploads\/carlomagno-paris-notre-dame-estatua.jpg 640w, https:\/\/www.historiayarqueologia.net\/wp-content\/uploads\/carlomagno-paris-notre-dame-estatua-300x266.jpg 300w\" sizes=\"(max-width: 640px) 100vw, 640px\" \/><figcaption id=\"caption-attachment-1322\" class=\"wp-caption-text\">Estatua ecuestre de Carlomagno en Notre-Dame en Par\u00eds.<\/figcaption><\/figure>\n<p>Sigamos con Eginardo: \u201cDe cabellera blanca y hermosa\u2026 (se refiere a que era rubio)\u2026 ojos grandes y brillantes, nariz poco m\u00e1s que mediana\u2026\u201d (o sea, narizotas)\u2026 \u201crostro alegre y regocijado\u2026estando de pie como sentado realzaba su figura con gran autoridad y dignidad. Y aunque la cerviz era obesa y breve y el vientre alg\u00fan tanto prominente, desaparec\u00eda todo ello ante la armon\u00eda y proporci\u00f3n de los dem\u00e1s miembros. Su andar era firme, y toda la actitud de su cuerpo, varonil; su voz tan clara, que no respond\u00eda a la figura corporal\u2026\u201d<\/p>\n<p>Bueno hasta aqu\u00ed la hagiograf\u00eda, ya nos podemos hacer una idea de que muy agraciado no deb\u00eda ser\u2026 adem\u00e1s uno de sus hijos fue llamado \u201cPippino el jorobado\u201d\u2026 as\u00ed que si se parec\u00eda a su padre, pues peor me lo ponen.<\/p>\n<p><img loading=\"lazy\" decoding=\"async\" class=\"size-full wp-image-1323 aligncenter\" src=\"https:\/\/www.historiayarqueologia.net\/wp-content\/uploads\/tumblr_mveshfimmp1s6d1wio1_1280.jpg\" alt=\"tumblr_mveshfimmp1s6d1wio1_1280\" width=\"640\" height=\"466\" srcset=\"https:\/\/www.historiayarqueologia.net\/wp-content\/uploads\/tumblr_mveshfimmp1s6d1wio1_1280.jpg 640w, https:\/\/www.historiayarqueologia.net\/wp-content\/uploads\/tumblr_mveshfimmp1s6d1wio1_1280-300x218.jpg 300w\" sizes=\"(max-width: 640px) 100vw, 640px\" \/><\/p>\n<p>Carlomagno fue un guerrero, un guerrero feroz que no dej\u00f3 las armas durante toda su vida. Ampli\u00f3 el reino franco con la conquista de buena parte de la Europa central y oriental\u2026 y una franja fronteriza con el reino musulm\u00e1n de la pen\u00ednsula Ib\u00e9rica que fue llamado \u201cLa Marca Hisp\u00e1nica\u201d, creada tras darse al traste la conquista del territorio por la derrota frente a los vascos de Roncesvalles, dando lugar al romance \u201cLa Canci\u00f3n de Roland\u201d. Fue adem\u00e1s muy cruel en todas estas conquistas, pero sobre todo en la del territorio saj\u00f3n, los paganos del norte de Alemania, a los que someti\u00f3 al cristianismo a sangre y fuego, con la masacre de m\u00e1s de 4.500 practicantes paganos, y una guerra que dur\u00f3 varios a\u00f1os: dieciocho campa\u00f1as entre el 772 y el a\u00f1o 804.<\/p>\n<p><img loading=\"lazy\" decoding=\"async\" class=\"size-full wp-image-1324 aligncenter\" src=\"https:\/\/www.historiayarqueologia.net\/wp-content\/uploads\/frankenreich_768-811.jpg\" alt=\"frankenreich_768-811\" width=\"640\" height=\"539\" srcset=\"https:\/\/www.historiayarqueologia.net\/wp-content\/uploads\/frankenreich_768-811.jpg 640w, https:\/\/www.historiayarqueologia.net\/wp-content\/uploads\/frankenreich_768-811-300x253.jpg 300w\" sizes=\"(max-width: 640px) 100vw, 640px\" \/><\/p>\n<p>Lleg\u00f3 as\u00ed a dominar un territorio que abarc\u00f3 la mayor parte de lo que hoy ser\u00edan Francia, Suiza, Austria, B\u00e9lgica, Holanda, Luxemburgo, Alemania, Italia, Hungr\u00eda, la Rep\u00fablica Checa, Serbia, Eslovaquia y Croacia. As\u00ed que por este, digamos, dominio europeo, ha sido se\u00f1alado en alguna ocasi\u00f3n como el palad\u00edn de la uni\u00f3n de Europa, el origen m\u00edtico de la idea de unidad europea.<\/p>\n<p>En realidad es bastante com\u00fan buscar or\u00edgenes m\u00edticos a las fundaciones nacionales o supranacionales, como es la UE, pero Europa no tuvo una conciencia de unidad en estos momentos, es m\u00e1s, tard\u00f3 bastante en llegar a esa idea, tiempo y guerras, adem\u00e1s de que a\u00fan hay que esperar al nacimiento de la idea de Estado Moderno, al menos al siglo XVI. Como poco.<\/p>\n<p><img loading=\"lazy\" decoding=\"async\" class=\"size-full wp-image-1325 alignright\" src=\"https:\/\/www.historiayarqueologia.net\/wp-content\/uploads\/330px-charlemagne_et_alcuin.jpg\" alt=\"330px-charlemagne_et_alcuin\" width=\"330\" height=\"389\" srcset=\"https:\/\/www.historiayarqueologia.net\/wp-content\/uploads\/330px-charlemagne_et_alcuin.jpg 330w, https:\/\/www.historiayarqueologia.net\/wp-content\/uploads\/330px-charlemagne_et_alcuin-254x300.jpg 254w\" sizes=\"(max-width: 330px) 100vw, 330px\" \/>Pero a Carlomagno, tambi\u00e9n se le atribuye el m\u00e9rito del Resurgimiento Cultural de Europa, llamado desde el siglo XIX, Renacimiento Carolingio.<\/p>\n<p>Dice Eginardo que Carlomagno hablaba fluidamente el lat\u00edn y entend\u00eda un poco el griego. Pero un profesor m\u00edo nos dec\u00eda que \u201cestudiaba lat\u00edn \u00e1vidamente en sus momentos de descanso\u201d, lo que podr\u00eda ser una contradicci\u00f3n. Es posible que Carlomagno pudiera tener una formaci\u00f3n cultural m\u00e1s elevada que la media de la \u00e9poca, reservada casi exclusivamente a cl\u00e9rigos y monjes, porque los reyes y nobles germanos destacaban, precisamente, por su casi analfabetismo\u2026 Pero la aproximaci\u00f3n de los reyes francos a la Iglesia de Roma pudo abrirles unas puertas culturales que otros reyes ni siquiera se atrevieron a franquear.<\/p>\n<p>Con el reinado carolingio aument\u00f3 la producci\u00f3n art\u00edstica y literaria muy devaluada desde la ca\u00edda del Imperio Romano en el siglo V, y tambi\u00e9n se crearon leyes, se reform\u00f3 la moneda, se realiz\u00f3 una organizaci\u00f3n administrativa del territorio, se potenci\u00f3 la pol\u00edtica\u2026 fue, en fin, un gran resurgimiento socio-cultural que se ejemplifica muy bien con la creaci\u00f3n y difusi\u00f3n de la letra carolina, utilizada en toda Europa, desde un punto central, la Escuela Palatina de Aquisgr\u00e1n, al frente de la cual estuvo otro personaje de gran importancia, Alcuino de York (circa 736-804), un monje ingl\u00e9s con una gran preparaci\u00f3n, llamado en lat\u00edn Alcuinus Flaccus Albinus (con lo que probablemente no hace falta decir m\u00e1s sobre su aspecto). Alcuino entra en la corte Carolina en el a\u00f1o 782 llamado por Carlomagno.<\/p>\n<p><img loading=\"lazy\" decoding=\"async\" class=\"size-full wp-image-1326 aligncenter\" src=\"https:\/\/www.historiayarqueologia.net\/wp-content\/uploads\/alcbio1.jpg\" alt=\"alcbio1\" width=\"460\" height=\"408\" srcset=\"https:\/\/www.historiayarqueologia.net\/wp-content\/uploads\/alcbio1.jpg 460w, https:\/\/www.historiayarqueologia.net\/wp-content\/uploads\/alcbio1-300x266.jpg 300w\" sizes=\"(max-width: 460px) 100vw, 460px\" \/>Respecto a las leyes, los francos y lo dem\u00e1s pueblos godos germanos anteriores no se hab\u00edan quedado de brazos cruzados, por ejemplo los burgundios o los sajones tuvieron un c\u00f3digo legislativo. Tambi\u00e9n los francos salios, con su rey Clodoveo I, compendiaron y escribieron en lat\u00edn, en el siglo V, un conjunto de leyes propias de las que luego derivaron muchas de las reformas Carolinas. B\u00e1sicamente eran leyes sobre la herencia, robos, muertes violentas, condenaban la hechicer\u00eda (no hay que olvidar que se hab\u00edan convertido al cristianismo). Ese compendio era conocido como Ley S\u00e1lica, la ley de los salios y tambi\u00e9n alud\u00eda a la sucesi\u00f3n del reino, que como se dec\u00eda antes, era una preocupaci\u00f3n constante de Clodoveo, asegurarse de que solo su linaje heredara la corona. Pues bien, la Ley S\u00e1lica establece la transmisi\u00f3n del trono a favor siempre del miembro var\u00f3n de la dinast\u00eda.<\/p>\n<p><img loading=\"lazy\" decoding=\"async\" class=\"alignnone size-full wp-image-1327 aligncenter\" src=\"https:\/\/www.historiayarqueologia.net\/wp-content\/uploads\/firma_carlomagno.jpg\" alt=\"firma_carlomagno\" width=\"400\" height=\"144\" srcset=\"https:\/\/www.historiayarqueologia.net\/wp-content\/uploads\/firma_carlomagno.jpg 400w, https:\/\/www.historiayarqueologia.net\/wp-content\/uploads\/firma_carlomagno-300x108.jpg 300w\" sizes=\"(max-width: 400px) 100vw, 400px\" \/><\/p>\n<p style=\"text-align: center;\">Firma de Carlomagno:<br \/>\n\u201cSignum (monograma: KAROLVS) Karoli gloriosissimi regis\u201d<\/p>\n<p>Carlomagno mantuvo esa norma y nos ha llegado hasta hoy con alguna excepci\u00f3n, como por ejemplo durante el periodo en el que Fernando VII emiti\u00f3 una Pragm\u00e1tica Sanci\u00f3n para que su hija Isabel, pudiese reinar a su muerte, origin\u00e1ndose con ello las Guerras Carlistas.<\/p>\n<p>Volviendo a Carlomagno, sin duda el mayor acontecimiento de su reinado fue su coronaci\u00f3n como Emperador de Occidente, un hecho casi inconcebible. Uno de los acontecimientos m\u00e1s importantes para la historia.<\/p>\n<p><img loading=\"lazy\" decoding=\"async\" class=\"size-full wp-image-1328 aligncenter\" src=\"https:\/\/www.historiayarqueologia.net\/wp-content\/uploads\/emperatriz-irene.jpg\" alt=\"emperatriz-irene\" width=\"416\" height=\"500\" srcset=\"https:\/\/www.historiayarqueologia.net\/wp-content\/uploads\/emperatriz-irene.jpg 416w, https:\/\/www.historiayarqueologia.net\/wp-content\/uploads\/emperatriz-irene-250x300.jpg 250w\" sizes=\"(max-width: 416px) 100vw, 416px\" \/><\/p>\n<p>La historia comienza por el hecho de que la Iglesia de Roma consideraba que el Titulo de Emperador estaba vacante porque hab\u00eda subido al trono de Bizancio una mujer, Irene Sarantapechaina (circa 752-803), o Irene de Atenas, una mujer de armas tomar cuya historia es a\u00fan m\u00e1s interesante que la que estamos contando aqu\u00ed. Viuda del emperador Le\u00f3n IV y madre del emperador Constantino VI, se hizo proclamar basileus (\u201cemperador\u201d), en lugar del femenino, basilissa (\u201cemperatriz\u201d), que implicaba \u00fanicamente ser la esposa del emperador.<\/p>\n<p>Pero todo esto, toda la historia pudo haber sucedido de forma distinta. Todo pudo ser diferente solo con una proposici\u00f3n de matrimonio.<\/p>\n<p>Irene era mucha Irene, no se dejaba arredrar por nada. Hay que recordar que Bizancio es el Imperio Romano de Oriente, el \u00daNICO y una de las fuerzas pol\u00edticas m\u00e1s importantes del momento\u2026 Irene ya hab\u00eda pasado por bastantes problemas, tanto para ejercer la regencia en nombre de su hijo Constantino VI, como para ser reconocida como Basileus, y no iba a seguir soportando ninguneos de nadie, y menos de la Iglesia de Roma, con la que hab\u00eda tenido un gesto de reconciliaci\u00f3n al volver a permitir las im\u00e1genes y acabar con la crisis iconoclasta con el II Concilio de Nicea.<\/p>\n<p><img loading=\"lazy\" decoding=\"async\" class=\"alignleft wp-image-1329 size-medium\" src=\"https:\/\/www.historiayarqueologia.net\/wp-content\/uploads\/image_theopanes_nicea-109x300.png\" alt=\"image_theopanes_nicea\" width=\"109\" height=\"300\" srcset=\"https:\/\/www.historiayarqueologia.net\/wp-content\/uploads\/image_theopanes_nicea-109x300.png 109w, https:\/\/www.historiayarqueologia.net\/wp-content\/uploads\/image_theopanes_nicea.png 211w\" sizes=\"(max-width: 109px) 100vw, 109px\" \/>Pues bien, seg\u00fan Te\u00f3fanes el Isauro (758-818), monje bizantino llamado tambi\u00e9n \u201cel Confesor\u201d, Constantino VI, hijo de Irene, al alcanzar la mayor\u00eda de edad (en el a\u00f1o 790), quiso casarse con una hija de Carlomagno para afianzar su posici\u00f3n frente a su madre, pero entre que Carlomagno no quer\u00eda casar a sus hijas y que Irene no quer\u00eda abandonar el trono, este matrimonio no se llev\u00f3 nunca a cabo, y en el a\u00f1o 797 (reduciendo mucho la historia) Irene descubre que su hijo participa en una conspiraci\u00f3n para derrocarla y le mand\u00f3 cegar para apartarle del trono.<\/p>\n<p>Cuando Carlomagno es nombrado emperador, Irene lo ve como una amenaza y se neg\u00f3 a reconocer el nombramiento.<\/p>\n<p>Te\u00f3fanes habla entonces de otra propuesta de matrimonio, esta vez de Carlomagno a la mism\u00edsima Irene en el a\u00f1o 802, pero dado que Carlomagno se qued\u00f3 viudo en el mismo a\u00f1o 800 antes de la coronaci\u00f3n, las conversaciones entre ambos bien pudieron ser m\u00e1s tempranas, incluso este mismo a\u00f1o al enviudar, lo que supondr\u00eda una amenaza directa para la Iglesia de Roma. Lo que se sabe, es que los detractores de Irene utilizaron esta propuesta del a\u00f1o 802 para derrocarla en ese mismo a\u00f1o. Irene es desterrada a Lesbos y muri\u00f3 un a\u00f1o m\u00e1s tarde.<\/p>\n<p><img loading=\"lazy\" decoding=\"async\" class=\"size-full wp-image-1330 aligncenter\" src=\"https:\/\/www.historiayarqueologia.net\/wp-content\/uploads\/carlomagno-07.jpg\" alt=\"carlomagno-07\" width=\"596\" height=\"600\" srcset=\"https:\/\/www.historiayarqueologia.net\/wp-content\/uploads\/carlomagno-07.jpg 596w, https:\/\/www.historiayarqueologia.net\/wp-content\/uploads\/carlomagno-07-150x150.jpg 150w, https:\/\/www.historiayarqueologia.net\/wp-content\/uploads\/carlomagno-07-298x300.jpg 298w\" sizes=\"(max-width: 596px) 100vw, 596px\" \/><\/p>\n<p>Seg\u00fan Eginardo, Carlomangno no sab\u00eda que iba a ser coronado Emperador y solo acudi\u00f3 a la Iglesia a rezar sus oraciones \u201cencontr\u00e1ndose\u201d con la gracia (seguramente esto es una exageraci\u00f3n m\u00e1s para loar el \u201ccristiano\u201d proceder de Carlomagno), pero el caso es que la Iglesia podr\u00eda haber acelerado el nombramiento de Emperador, tal vez por saber de la existencia de estas conversaciones de matrimonio. Y as\u00ed, el 25 de diciembre del a\u00f1o 800 (como se recordar\u00e1 Clodoveo se convirti\u00f3 al cristianismo un 25 de diciembre, ese mismo d\u00eda) en Navidad, Carlomagno fue coronado como Emperador de Occidente por el papa Le\u00f3n III.<\/p>\n<p>El T\u00edtulo de Emperador de los Romanos se qued\u00f3 en Bizancio, no obstante. Irene nunca le reconoci\u00f3 a Carlomagno esta dignidad, aunque con el tiempo, Bizancio s\u00ed que lleg\u00f3 a aceptar el Imperio Franco de Occidente. Pero este reconocimiento nunca vino de Irene, fue bastante posterior, con Miguel I Rangab\u00e9 (770-844) y en medio de una disputa territorial en Italia.<\/p>\n<p>La evoluci\u00f3n del Imperio \u201cfranco\u201d de Occidente pas\u00f3 por muchos avatares y fue llamado despu\u00e9s Sacro Imperio Romano-Germ\u00e1nico, precisamente con una dinast\u00eda sajona, esa a la que tanto hiciera sufrir Calomagno, la dinast\u00eda Ot\u00f3nida. Desaparece en 1806 y es, digamos, continuado por el Imperio Austro-H\u00fangaro hasta su desaparici\u00f3n, ya en el siglo XX.<\/p>\n<p><img loading=\"lazy\" decoding=\"async\" class=\"wp-image-1331 size-full alignleft\" src=\"https:\/\/www.historiayarqueologia.net\/wp-content\/uploads\/tratado-de-verdum-imperio-carolingio.png\" alt=\"tratado-de-verdum-imperio-carolingio\" width=\"267\" height=\"290\" \/><\/p>\n<p>Esto ser\u00eda otro relato, pero dejadme a\u00f1adir una cosa m\u00e1s\u2026 Carlomagno dej\u00f3 el imperio unificado a su hijo Luis el Piadoso (Ludovico P\u00edo, 778-840), pero \u00e9ste, siguiendo la costumbre patrimonial de los francos volvi\u00f3 a dividirlo al dej\u00e1rselo en herencia a sus hijos. En el a\u00f1o 843 merced al Tratado de Verd\u00fan y despu\u00e9s de fallecido el hijo mayor, Lotario, el enorme reino franco-carolingio qued\u00f3 dividido entre:<\/p>\n<p>Luis el Germ\u00e1nico, segundo hijo, quien hereda el territorio este, lo que despu\u00e9s ser\u00eda el Sacro Imperio Romano Germ\u00e1nico, del que una importante parte constituir\u00eda m\u00e1s tarde Alemania.<br \/>\nY Carlos el Calvo, tercer hijo y rey de los francos del oeste, el territorio que terminar\u00eda por ser, con el tiempo, Francia.<\/p>\n<p>Y nunca m\u00e1s volvi\u00f3 a reunificarse, por lo que es en este punto de la historia donde se sit\u00faa el inicio del camino hacia la actual configuraci\u00f3n territorial de Europa.<\/p>\n\n","protected":false},"excerpt":{"rendered":"<p>El mundo de Carlomagno por Alma Leonor Ten\u00eda yo ganas de hablar de uno de los grandes personajes de la Historia Universal, un personaje al que se le suele calificar como el palad\u00edn del renacimiento del lat\u00edn y de la cultura occidental, e incluso tambi\u00e9n del europe\u00edsmo. Este personaje es Carlomagno (747-814), y la historia [&hellip;]<\/p>\n","protected":false},"author":1,"featured_media":1342,"comment_status":"open","ping_status":"closed","sticky":false,"template":"","format":"standard","meta":{"_jetpack_memberships_contains_paid_content":false,"footnotes":"","jetpack_publicize_message":"","jetpack_publicize_feature_enabled":true,"jetpack_social_post_already_shared":true,"jetpack_social_options":{"image_generator_settings":{"template":"highway","default_image_id":0,"font":"","enabled":false},"version":2}},"categories":[1],"tags":[],"class_list":["post-1303","post","type-post","status-publish","format-standard","has-post-thumbnail","hentry","category-historia-antigua"],"jetpack_publicize_connections":[],"jetpack_featured_media_url":"https:\/\/www.historiayarqueologia.net\/wp-content\/uploads\/carlomagno.jpg","jetpack_sharing_enabled":true,"_links":{"self":[{"href":"https:\/\/www.historiayarqueologia.net\/index.php?rest_route=\/wp\/v2\/posts\/1303","targetHints":{"allow":["GET"]}}],"collection":[{"href":"https:\/\/www.historiayarqueologia.net\/index.php?rest_route=\/wp\/v2\/posts"}],"about":[{"href":"https:\/\/www.historiayarqueologia.net\/index.php?rest_route=\/wp\/v2\/types\/post"}],"author":[{"embeddable":true,"href":"https:\/\/www.historiayarqueologia.net\/index.php?rest_route=\/wp\/v2\/users\/1"}],"replies":[{"embeddable":true,"href":"https:\/\/www.historiayarqueologia.net\/index.php?rest_route=%2Fwp%2Fv2%2Fcomments&post=1303"}],"version-history":[{"count":7,"href":"https:\/\/www.historiayarqueologia.net\/index.php?rest_route=\/wp\/v2\/posts\/1303\/revisions"}],"predecessor-version":[{"id":1345,"href":"https:\/\/www.historiayarqueologia.net\/index.php?rest_route=\/wp\/v2\/posts\/1303\/revisions\/1345"}],"wp:featuredmedia":[{"embeddable":true,"href":"https:\/\/www.historiayarqueologia.net\/index.php?rest_route=\/wp\/v2\/media\/1342"}],"wp:attachment":[{"href":"https:\/\/www.historiayarqueologia.net\/index.php?rest_route=%2Fwp%2Fv2%2Fmedia&parent=1303"}],"wp:term":[{"taxonomy":"category","embeddable":true,"href":"https:\/\/www.historiayarqueologia.net\/index.php?rest_route=%2Fwp%2Fv2%2Fcategories&post=1303"},{"taxonomy":"post_tag","embeddable":true,"href":"https:\/\/www.historiayarqueologia.net\/index.php?rest_route=%2Fwp%2Fv2%2Ftags&post=1303"}],"curies":[{"name":"wp","href":"https:\/\/api.w.org\/{rel}","templated":true}]}}