{"id":1216,"date":"2016-04-28T20:39:22","date_gmt":"2016-04-28T18:39:22","guid":{"rendered":"https:\/\/www.historiayarqueologia.net\/?p=1216"},"modified":"2016-04-28T20:48:50","modified_gmt":"2016-04-28T18:48:50","slug":"descubren-sarcofago-intacto-bebe-merovingio","status":"publish","type":"post","link":"https:\/\/www.historiayarqueologia.net\/?p=1216","title":{"rendered":"Descubierto en Chartres el sarc\u00f3fago intacto de un beb\u00e9 merovingio"},"content":{"rendered":"<p>El 12 de abril, los arque\u00f3logos de la ciudad de Eure-et-Loir, descubrieron el sarc\u00f3fago\u00a0de un beb\u00e9 merovingio sellado desde el siglo VI .<\/p>\n<p><img fetchpriority=\"high\" decoding=\"async\" class=\"aligncenter size-full wp-image-1223\" src=\"https:\/\/www.historiayarqueologia.net\/wp-content\/uploads\/sarcofago-bebe-merovingio.jpg\" alt=\"sarcofago-bebe-merovingio\" width=\"550\" height=\"366\" srcset=\"https:\/\/www.historiayarqueologia.net\/wp-content\/uploads\/sarcofago-bebe-merovingio.jpg 550w, https:\/\/www.historiayarqueologia.net\/wp-content\/uploads\/sarcofago-bebe-merovingio-300x200.jpg 300w\" sizes=\"(max-width: 550px) 100vw, 550px\" \/><\/p>\n<p>En la nave de la iglesia de Saint-Martin-au-Val de Chartres, Eure-et-Loir, en la misma que reposa saint Lubin, el primer obispo de la ciudad, los arque\u00f3logos acaban de hacer un descubrimiento tan interesante como emocionante.<\/p>\n<p>Bajo un edificio que data del siglo XI, construido sobre las ruinas de un gran santuario de \u00e9poca galo-romana, el equipo del departamento de arqueolog\u00eda de la ciudad, dirigido por <strong>Bruno Bazin<\/strong>, ha puesto al descubierto un peque\u00f1o sarc\u00f3fago de piedra caliza blanca, estando perfectamente sellado y que se remonta a \u00e9poca merovingia, el nombre de la primera dinast\u00eda, fundada por Clovis, que gobern\u00f3 Francia entre el siglo V y el VIII. La sepultura inviolada del entierro de un beb\u00e9 se encuentra en medio de una necr\u00f3polis de la que la mayor\u00eda son sarc\u00f3fagos de adultos que fueron saqueados hace mucho tiempo.<\/p>\n<p><img decoding=\"async\" class=\"aligncenter size-full wp-image-1224\" src=\"https:\/\/www.historiayarqueologia.net\/wp-content\/uploads\/sarcofago-bebe-merovingio1.jpg\" alt=\"sarcofago-bebe-merovingio1\" width=\"660\" height=\"281\" srcset=\"https:\/\/www.historiayarqueologia.net\/wp-content\/uploads\/sarcofago-bebe-merovingio1.jpg 660w, https:\/\/www.historiayarqueologia.net\/wp-content\/uploads\/sarcofago-bebe-merovingio1-300x128.jpg 300w\" sizes=\"(max-width: 660px) 100vw, 660px\" \/><\/p>\n<h2>Un beb\u00e9, donde no se le espera<\/h2>\n<p><em>\u00abAntes de siquiera abrirlo, sab\u00edamos que era la tumba de un ni\u00f1o peque\u00f1o y que la materia org\u00e1nica estar\u00eda extremadamente bien conservada en el interior. La cubierta del sarc\u00f3fago intacto no mostraba ninguna grieta y era evidente que estaba perfectamente sellado\u00bb<\/em>, dice <strong>Emilia Portat<\/strong>, arqueoantrop\u00f3loga del grupo. <em>\u00abSu apertura es un momento que nos ten\u00eda a todos emocionados, no s\u00f3lo porque era un beb\u00e9, sino por la sencilla raz\u00f3n de que lo que encontramos en el interior ser\u00eda lo que habr\u00eda desde el d\u00eda su funeral, hace cerca de 1500 a\u00f1os.\u00bb<\/em><\/p>\n<p><img decoding=\"async\" class=\"aligncenter size-full wp-image-1225\" src=\"https:\/\/www.historiayarqueologia.net\/wp-content\/uploads\/sarcofago-bebe-merovingio2.jpg\" alt=\"sarcofago-bebe-merovingio2\" width=\"639\" height=\"360\" srcset=\"https:\/\/www.historiayarqueologia.net\/wp-content\/uploads\/sarcofago-bebe-merovingio2.jpg 639w, https:\/\/www.historiayarqueologia.net\/wp-content\/uploads\/sarcofago-bebe-merovingio2-300x169.jpg 300w\" sizes=\"(max-width: 639px) 100vw, 639px\" \/><\/p>\n<p>En el sarc\u00f3fago, el peque\u00f1o esqueleto est\u00e1 all\u00ed, sobre una fina capa de dep\u00f3sito de color marr\u00f3n oscuro, y alrededor de \u00e9l preciosos objetos que los arque\u00f3logos llaman \u00abel mobiliario\u00bb. <em>\u00abDespu\u00e9s de medir los huesos largos y someter a un primer estudio los dientes, creemos que el ni\u00f1o ten\u00eda entre 4 y 8 meses\u00bb<\/em>, dice Emilia Portat.<em> \u00abSin embargo, la presencia de un ni\u00f1o tan joven en una necr\u00f3polis como esta, construida para afianzar el poder y el prestigio de una \u00e9lite local merovingia podr\u00eda ser cierta\u00bb<\/em>, a\u00f1adi\u00f3. Los especialistas saben muy poco de los ritos funerarios de los ni\u00f1os en esa \u00e9poca.<\/p>\n<h2>Conocer el rito funerario de los ni\u00f1os merovingios<\/h2>\n<p><img loading=\"lazy\" decoding=\"async\" class=\"aligncenter size-full wp-image-1226\" src=\"https:\/\/www.historiayarqueologia.net\/wp-content\/uploads\/sarcofago-bebe-merovingio5.jpeg\" alt=\"sarcofago-bebe-merovingio5\" width=\"800\" height=\"533\" srcset=\"https:\/\/www.historiayarqueologia.net\/wp-content\/uploads\/sarcofago-bebe-merovingio5.jpeg 800w, https:\/\/www.historiayarqueologia.net\/wp-content\/uploads\/sarcofago-bebe-merovingio5-300x200.jpeg 300w, https:\/\/www.historiayarqueologia.net\/wp-content\/uploads\/sarcofago-bebe-merovingio5-768x512.jpeg 768w\" sizes=\"(max-width: 800px) 100vw, 800px\" \/><\/p>\n<p>Todos los arque\u00f3logos encontraron y encuentran que este peque\u00f1o sarc\u00f3fago va a llenar ese vac\u00edo. En primer lugar, los objetos de la tumba: \u00ab<em>El beb\u00e9, que manifiestamente no era un cualquiera, llevaba un peque\u00f1o brazalete de metal en su mu\u00f1eca izquierda, pero no una joya pr\u00e9stada, era algo hecho especialmente para \u00e9l, a su medida. Despu\u00e9s se depositaron sobre el hombro derecho, grandes cuentas de \u00e1mbar, tal vez porque se consideren como una protecci\u00f3n para ciertos males. De unos tres cent\u00edmetros de di\u00e1metro, no son totalmente redondas, tienen caras y est\u00e1n perforadas. Los estudios futuros permitir\u00e1n conocer si estaban vinculados originalmente formando un collar. Por \u00faltimo, alrededor de su cabeza, hab\u00eda un conjunto compuesto de dos elementos de perlas de vidrio fundido unidas por alambre de cobre, como un pendiente para adultos, pero conectados por un elemento de metal y de cuerda o tela. Los objetos a\u00fan tienen que ser m\u00e1s estudios.<\/em>\u00bb<\/p>\n<h2>&#8230; Y las intenciones de los adultos<\/h2>\n<p><img loading=\"lazy\" decoding=\"async\" class=\"aligncenter size-full wp-image-1222\" src=\"https:\/\/www.historiayarqueologia.net\/wp-content\/uploads\/sarcofago-bebe-merovingio4.jpg\" alt=\"sarcofago-bebe-merovingio4\" width=\"1200\" height=\"674\" srcset=\"https:\/\/www.historiayarqueologia.net\/wp-content\/uploads\/sarcofago-bebe-merovingio4.jpg 1200w, https:\/\/www.historiayarqueologia.net\/wp-content\/uploads\/sarcofago-bebe-merovingio4-300x169.jpg 300w, https:\/\/www.historiayarqueologia.net\/wp-content\/uploads\/sarcofago-bebe-merovingio4-768x431.jpg 768w, https:\/\/www.historiayarqueologia.net\/wp-content\/uploads\/sarcofago-bebe-merovingio4-1024x575.jpg 1024w\" sizes=\"(max-width: 1200px) 100vw, 1200px\" \/><\/p>\n<p>\u00ab<em>Por otra parte, tambi\u00e9n tenemos una gran cantidad de material org\u00e1nico preservado para estudiar, por ejemplo, si el ni\u00f1o ten\u00eda debajo de \u00e9l un peque\u00f1o colch\u00f3n o una peque\u00f1a cama, si ten\u00eda pa\u00f1ales, si estaba vestido. Tenemos muchos restos de insectos que confiamos a un entom\u00f3logo, que por su parte dir\u00e1 si el cuerpo fue objeto de una exposici\u00f3n p\u00fablica, como se hac\u00eda en <\/em><em>este periodo con las \u00e9lites de l<\/em><em>os adultos muertos, o incluso la \u00e9poca del a\u00f1o en que tuvo lugar el funeral\u00bb<\/em>, dice Emilia Portat. \u00ab<em>Todo esto, y el estudio del esqueleto en s\u00ed nos dar\u00e1 no s\u00f3lo informaci\u00f3n sobre el ni\u00f1o, su dieta y su salud, sino tambi\u00e9n de las intenciones de vida y lo que nos han querido transmitir los merovingios a trav\u00e9s del rito funerario reservado para el ni\u00f1o.\u00bb<\/em><\/p>\n<p>Los primeros resultados se esperan para finales de a\u00f1o o tal vez un poco m\u00e1s pronto, por la dataci\u00f3n por carbono 14 para confirmar la fecha del entierro en el siglo VI, como se creen los arque\u00f3logos.<\/p>\n<p><a href=\"https:\/\/www.france-pittoresque.com\/spip.php?article13622\" target=\"_blank\" rel=\"nofollow noopener\">Fuente<\/a><\/p>\n","protected":false},"excerpt":{"rendered":"<p>El 12 de abril, los arque\u00f3logos de la ciudad de Eure-et-Loir, descubrieron el sarc\u00f3fago\u00a0de un beb\u00e9 merovingio sellado desde el siglo VI . En la nave de la iglesia de Saint-Martin-au-Val de Chartres, Eure-et-Loir, en la misma que reposa saint Lubin, el primer obispo de la ciudad, los arque\u00f3logos acaban de hacer un descubrimiento tan [&hellip;]<\/p>\n","protected":false},"author":1,"featured_media":1222,"comment_status":"open","ping_status":"closed","sticky":false,"template":"","format":"standard","meta":{"_jetpack_memberships_contains_paid_content":false,"footnotes":"","jetpack_publicize_message":"","jetpack_publicize_feature_enabled":true,"jetpack_social_post_already_shared":true,"jetpack_social_options":{"image_generator_settings":{"template":"highway","default_image_id":0,"font":"","enabled":false},"version":2}},"categories":[7],"tags":[91],"class_list":["post-1216","post","type-post","status-publish","format-standard","has-post-thumbnail","hentry","category-noticias-arqueologia","tag-merovingio"],"jetpack_publicize_connections":[],"jetpack_featured_media_url":"https:\/\/www.historiayarqueologia.net\/wp-content\/uploads\/sarcofago-bebe-merovingio4.jpg","jetpack_sharing_enabled":true,"_links":{"self":[{"href":"https:\/\/www.historiayarqueologia.net\/index.php?rest_route=\/wp\/v2\/posts\/1216","targetHints":{"allow":["GET"]}}],"collection":[{"href":"https:\/\/www.historiayarqueologia.net\/index.php?rest_route=\/wp\/v2\/posts"}],"about":[{"href":"https:\/\/www.historiayarqueologia.net\/index.php?rest_route=\/wp\/v2\/types\/post"}],"author":[{"embeddable":true,"href":"https:\/\/www.historiayarqueologia.net\/index.php?rest_route=\/wp\/v2\/users\/1"}],"replies":[{"embeddable":true,"href":"https:\/\/www.historiayarqueologia.net\/index.php?rest_route=%2Fwp%2Fv2%2Fcomments&post=1216"}],"version-history":[{"count":10,"href":"https:\/\/www.historiayarqueologia.net\/index.php?rest_route=\/wp\/v2\/posts\/1216\/revisions"}],"predecessor-version":[{"id":1231,"href":"https:\/\/www.historiayarqueologia.net\/index.php?rest_route=\/wp\/v2\/posts\/1216\/revisions\/1231"}],"wp:featuredmedia":[{"embeddable":true,"href":"https:\/\/www.historiayarqueologia.net\/index.php?rest_route=\/wp\/v2\/media\/1222"}],"wp:attachment":[{"href":"https:\/\/www.historiayarqueologia.net\/index.php?rest_route=%2Fwp%2Fv2%2Fmedia&parent=1216"}],"wp:term":[{"taxonomy":"category","embeddable":true,"href":"https:\/\/www.historiayarqueologia.net\/index.php?rest_route=%2Fwp%2Fv2%2Fcategories&post=1216"},{"taxonomy":"post_tag","embeddable":true,"href":"https:\/\/www.historiayarqueologia.net\/index.php?rest_route=%2Fwp%2Fv2%2Ftags&post=1216"}],"curies":[{"name":"wp","href":"https:\/\/api.w.org\/{rel}","templated":true}]}}