{"id":1197,"date":"2016-04-28T14:13:39","date_gmt":"2016-04-28T12:13:39","guid":{"rendered":"https:\/\/www.historiayarqueologia.net\/?p=1197"},"modified":"2016-04-28T14:13:39","modified_gmt":"2016-04-28T12:13:39","slug":"palmira-despues-daesh","status":"publish","type":"post","link":"https:\/\/www.historiayarqueologia.net\/?p=1197","title":{"rendered":"Palmira, el antes y el despu\u00e9s de los terroristas"},"content":{"rendered":"<p>Un a\u00f1o despu\u00e9s de que fuera tomada por los terroristas de Daesh, la ciudad siria de Palmira\u00a0 fue recientemente vuelta a tomar por las fuerzas sirias apoyadas por los ataques a\u00e9reos rusos. Anteriormente uno de los sitios hist\u00f3ricos m\u00e1s apreciados del mundo, muchos objetos fueron destruidos por las fuerzas de los terroristas en una purga iconoclasta.<\/p>\n<p><strong>Joseph Eid<\/strong>, un fot\u00f3grafo de la agencia de noticias AFP, tom\u00f3 fotos del lugar solamente hace dos a\u00f1os y ahora ha comparado las im\u00e1genes con \u00abantes y un despu\u00e9s\u00bb de los da\u00f1os. \u00ab<em>Desde luego el Templo de Bel nunca ser\u00e1 el mismo.<\/em>\u00ab, dijo el director de antig\u00fcedades de Siria, <strong>Mamoun Abdulkarim<\/strong>, en declaraciones al periodico Times of Israel: <em>\u00abSeg\u00fan nuestros expertos, definitivamente seremos capaces de restaurar un tercio de lo destruido, o tal vez a\u00fan m\u00e1s si realizamos estudios adicionales con ayuda de la UNESCO y se convocan a arque\u00f3logos y expertos de todos las partes del mundo para venir a realizar el trabajo con nosotros porque este lugar es sin duda parte de la herencia de toda la humanidad.\u00bb<\/em><\/p>\n<figure id=\"attachment_1198\" aria-describedby=\"caption-attachment-1198\" style=\"width: 880px\" class=\"wp-caption aligncenter\"><img fetchpriority=\"high\" decoding=\"async\" class=\"wp-image-1198 size-full\" src=\"https:\/\/www.historiayarqueologia.net\/wp-content\/uploads\/palmira-antes-despues-05.jpg\" alt=\"palmira-antes-despues-05\" width=\"880\" height=\"579\" srcset=\"https:\/\/www.historiayarqueologia.net\/wp-content\/uploads\/palmira-antes-despues-05.jpg 880w, https:\/\/www.historiayarqueologia.net\/wp-content\/uploads\/palmira-antes-despues-05-300x197.jpg 300w, https:\/\/www.historiayarqueologia.net\/wp-content\/uploads\/palmira-antes-despues-05-768x505.jpg 768w\" sizes=\"(max-width: 880px) 100vw, 880px\" \/><figcaption id=\"caption-attachment-1198\" class=\"wp-caption-text\">El templo de Bel antes y despu\u00e9s de que fuera destruido por los terroristas en septiembre de 2015<\/figcaption><\/figure>\n<figure id=\"attachment_1200\" aria-describedby=\"caption-attachment-1200\" style=\"width: 880px\" class=\"wp-caption aligncenter\"><img decoding=\"async\" class=\"wp-image-1200 size-full\" src=\"https:\/\/www.historiayarqueologia.net\/wp-content\/uploads\/palmira-antes-despues-17.jpg\" alt=\"palmira-antes-despues-17\" width=\"880\" height=\"579\" \/><figcaption id=\"caption-attachment-1200\" class=\"wp-caption-text\">El Templo de Bel data del 32 d.C<\/figcaption><\/figure>\n<figure id=\"attachment_1201\" aria-describedby=\"caption-attachment-1201\" style=\"width: 880px\" class=\"wp-caption aligncenter\"><img decoding=\"async\" class=\"wp-image-1201 size-full\" src=\"https:\/\/www.historiayarqueologia.net\/wp-content\/uploads\/palmira-antes-despues-16.jpg\" alt=\"palmira-antes-despues-16\" width=\"880\" height=\"579\" \/><figcaption id=\"caption-attachment-1201\" class=\"wp-caption-text\">Revisando los da\u00f1os causados en el Templo de Bel<\/figcaption><\/figure>\n<figure id=\"attachment_1199\" aria-describedby=\"caption-attachment-1199\" style=\"width: 880px\" class=\"wp-caption aligncenter\"><img loading=\"lazy\" decoding=\"async\" class=\"wp-image-1199 size-full\" src=\"https:\/\/www.historiayarqueologia.net\/wp-content\/uploads\/palmira-antes-despues-07.jpg\" alt=\"palmira-antes-despues-07\" width=\"880\" height=\"579\" \/><figcaption id=\"caption-attachment-1199\" class=\"wp-caption-text\">Lo que queda del Arco del Triunfo<\/figcaption><\/figure>\n<figure id=\"attachment_1202\" aria-describedby=\"caption-attachment-1202\" style=\"width: 880px\" class=\"wp-caption aligncenter\"><img loading=\"lazy\" decoding=\"async\" class=\"wp-image-1202 size-full\" src=\"https:\/\/www.historiayarqueologia.net\/wp-content\/uploads\/palmira-antes-despues-08.jpg\" alt=\"palmira-antes-despues-08\" width=\"880\" height=\"579\" \/><figcaption id=\"caption-attachment-1202\" class=\"wp-caption-text\">El templo de Baal solia mirarse entre estas dos columnas<\/figcaption><\/figure>\n<figure id=\"attachment_1204\" aria-describedby=\"caption-attachment-1204\" style=\"width: 880px\" class=\"wp-caption aligncenter\"><img loading=\"lazy\" decoding=\"async\" class=\"wp-image-1204 size-full\" src=\"https:\/\/www.historiayarqueologia.net\/wp-content\/uploads\/palmira-antes-despues-12.jpg\" alt=\"palmira-antes-despues-12\" width=\"880\" height=\"579\" \/><figcaption id=\"caption-attachment-1204\" class=\"wp-caption-text\">Los restos del Templo de Bel<\/figcaption><\/figure>\n<figure id=\"attachment_1205\" aria-describedby=\"caption-attachment-1205\" style=\"width: 880px\" class=\"wp-caption aligncenter\"><img loading=\"lazy\" decoding=\"async\" class=\"wp-image-1205 size-full\" src=\"https:\/\/www.historiayarqueologia.net\/wp-content\/uploads\/palmira-antes-despues-01.jpg\" alt=\"palmira-antes-despues-01\" width=\"880\" height=\"579\" \/><figcaption id=\"caption-attachment-1205\" class=\"wp-caption-text\">Restos del Templo de Bel<\/figcaption><\/figure>\n<figure id=\"attachment_1206\" aria-describedby=\"caption-attachment-1206\" style=\"width: 880px\" class=\"wp-caption aligncenter\"><img loading=\"lazy\" decoding=\"async\" class=\"wp-image-1206 size-full\" src=\"https:\/\/www.historiayarqueologia.net\/wp-content\/uploads\/palmira-antes-despues-11.jpg\" alt=\"palmira-antes-despues-11\" width=\"880\" height=\"579\" \/><figcaption id=\"caption-attachment-1206\" class=\"wp-caption-text\">Restos del Museo de Palmira<\/figcaption><\/figure>\n<figure style=\"width: 880px\" class=\"wp-caption aligncenter\"><img loading=\"lazy\" decoding=\"async\" class=\"wp-image-1207 size-full\" src=\"https:\/\/www.historiayarqueologia.net\/wp-content\/uploads\/palmira-antes-despues-09.jpg\" alt=\"palmira-antes-despues-09\" width=\"880\" height=\"579\" \/><figcaption class=\"wp-caption-text\">Restos del Museo de Palmira<\/p>\n<p><\/figcaption><\/figure>\n<figure id=\"attachment_1208\" aria-describedby=\"caption-attachment-1208\" style=\"width: 880px\" class=\"wp-caption aligncenter\"><img loading=\"lazy\" decoding=\"async\" class=\"wp-image-1208 size-full\" src=\"https:\/\/www.historiayarqueologia.net\/wp-content\/uploads\/palmira-antes-despues-13.jpg\" alt=\"palmira-antes-despues-13\" width=\"880\" height=\"579\" \/><figcaption id=\"caption-attachment-1208\" class=\"wp-caption-text\">Estatuas destruidas en el Museo de Palmira<\/figcaption><\/figure>\n<p><img loading=\"lazy\" decoding=\"async\" class=\"aligncenter size-full wp-image-1209\" src=\"https:\/\/www.historiayarqueologia.net\/wp-content\/uploads\/palmira-antes-despues-14.jpg\" alt=\"palmira-antes-despues-14\" width=\"880\" height=\"579\" \/><\/p>\n<p><a href=\"https:\/\/www.boredpanda.com\/before-after-isis-destroyed-monuments-palmyra\/\" target=\"_blank\" rel=\"nofollow noopener\">Fuente<\/a>: Julija N\u0117j\u0117<\/p>\n","protected":false},"excerpt":{"rendered":"<p>Un a\u00f1o despu\u00e9s de que fuera tomada por los terroristas de Daesh, la ciudad siria de Palmira\u00a0 fue recientemente vuelta a tomar por las fuerzas sirias apoyadas por los ataques a\u00e9reos rusos. Anteriormente uno de los sitios hist\u00f3ricos m\u00e1s apreciados del mundo, muchos objetos fueron destruidos por las fuerzas de los terroristas en una purga [&hellip;]<\/p>\n","protected":false},"author":1,"featured_media":1211,"comment_status":"open","ping_status":"closed","sticky":false,"template":"","format":"standard","meta":{"_jetpack_memberships_contains_paid_content":false,"footnotes":"","jetpack_publicize_message":"","jetpack_publicize_feature_enabled":true,"jetpack_social_post_already_shared":true,"jetpack_social_options":{"image_generator_settings":{"template":"highway","default_image_id":0,"font":"","enabled":false},"version":2}},"categories":[7],"tags":[],"class_list":["post-1197","post","type-post","status-publish","format-standard","has-post-thumbnail","hentry","category-noticias-arqueologia"],"jetpack_publicize_connections":[],"jetpack_featured_media_url":"https:\/\/www.historiayarqueologia.net\/wp-content\/uploads\/palmira-antes-despues.jpg","jetpack_sharing_enabled":true,"_links":{"self":[{"href":"https:\/\/www.historiayarqueologia.net\/index.php?rest_route=\/wp\/v2\/posts\/1197","targetHints":{"allow":["GET"]}}],"collection":[{"href":"https:\/\/www.historiayarqueologia.net\/index.php?rest_route=\/wp\/v2\/posts"}],"about":[{"href":"https:\/\/www.historiayarqueologia.net\/index.php?rest_route=\/wp\/v2\/types\/post"}],"author":[{"embeddable":true,"href":"https:\/\/www.historiayarqueologia.net\/index.php?rest_route=\/wp\/v2\/users\/1"}],"replies":[{"embeddable":true,"href":"https:\/\/www.historiayarqueologia.net\/index.php?rest_route=%2Fwp%2Fv2%2Fcomments&post=1197"}],"version-history":[{"count":5,"href":"https:\/\/www.historiayarqueologia.net\/index.php?rest_route=\/wp\/v2\/posts\/1197\/revisions"}],"predecessor-version":[{"id":1214,"href":"https:\/\/www.historiayarqueologia.net\/index.php?rest_route=\/wp\/v2\/posts\/1197\/revisions\/1214"}],"wp:featuredmedia":[{"embeddable":true,"href":"https:\/\/www.historiayarqueologia.net\/index.php?rest_route=\/wp\/v2\/media\/1211"}],"wp:attachment":[{"href":"https:\/\/www.historiayarqueologia.net\/index.php?rest_route=%2Fwp%2Fv2%2Fmedia&parent=1197"}],"wp:term":[{"taxonomy":"category","embeddable":true,"href":"https:\/\/www.historiayarqueologia.net\/index.php?rest_route=%2Fwp%2Fv2%2Fcategories&post=1197"},{"taxonomy":"post_tag","embeddable":true,"href":"https:\/\/www.historiayarqueologia.net\/index.php?rest_route=%2Fwp%2Fv2%2Ftags&post=1197"}],"curies":[{"name":"wp","href":"https:\/\/api.w.org\/{rel}","templated":true}]}}