{"id":1003,"date":"2016-04-20T23:23:57","date_gmt":"2016-04-20T21:23:57","guid":{"rendered":"https:\/\/www.historiayarqueologia.net\/?p=1003"},"modified":"2016-04-20T23:45:09","modified_gmt":"2016-04-20T21:45:09","slug":"10-de-las-muertes-mas-absurdas-de-la-historia","status":"publish","type":"post","link":"https:\/\/www.historiayarqueologia.net\/?p=1003","title":{"rendered":"10 de las muertes m\u00e1s absurdas de la historia"},"content":{"rendered":"<p><strong><img decoding=\"async\" class=\"wp-image-1004 alignright\" src=\"https:\/\/www.historiayarqueologia.net\/wp-content\/uploads\/muerte-francois-vatel-227x300.jpg\" alt=\"muerte-francois-vatel\" width=\"77\" height=\"102\" srcset=\"https:\/\/www.historiayarqueologia.net\/wp-content\/uploads\/muerte-francois-vatel-227x300.jpg 227w, https:\/\/www.historiayarqueologia.net\/wp-content\/uploads\/muerte-francois-vatel.jpg 432w\" sizes=\"(max-width: 77px) 100vw, 77px\" \/>1- Fran\u00e7ois Vatel (1631\u20131671)<\/strong><\/p>\n<p>Cocinero y maitre franc\u00e9s de origen suizo, famoso por haber inventado la crema chantill\u00ed en el castillo del mismo nombre (Chantilly), donde serv\u00eda a Luis II, Pr\u00edncipe de Borb\u00f3n-Cond\u00e9. El destino de la Casa de Cond\u00e9 depend\u00eda en gran parte del \u00e9xito que alcanzaran los festejos, por lo que toda la responsabilidad reca\u00eda sobre su maitre Fran\u00e7ois Vatel maestro de ceremonias, Vatel, tiene quince d\u00edas para preparar los elaborados men\u00fas y sus grandiosas puestas en escena, que har\u00e1n las delicias de la corte. En el mismo banquete, el consumado perfeccionista Vatel, no pudo afrontar que el marisco llegara a su cocina con retraso, enloquecido por la tardanza del pescado<strong> se suicid\u00f3 atraves\u00e1ndose una espada<\/strong>.<\/p>\n<hr \/>\n<p><strong>2- Papa Adriano IV (1100 \u2013 1159)<\/strong><\/p>\n<p><img decoding=\"async\" class=\"wp-image-1005 alignleft\" src=\"https:\/\/www.historiayarqueologia.net\/wp-content\/uploads\/muerte-adriano-vi-300x210.jpg\" alt=\"muerte-adriano-vi\" width=\"148\" height=\"104\" srcset=\"https:\/\/www.historiayarqueologia.net\/wp-content\/uploads\/muerte-adriano-vi-300x210.jpg 300w, https:\/\/www.historiayarqueologia.net\/wp-content\/uploads\/muerte-adriano-vi.jpg 640w\" sizes=\"(max-width: 148px) 100vw, 148px\" \/>Papa n\u00ba 169 de la Iglesia cat\u00f3lica de 1154 a 1159. Fue el \u00fanico papa de origen ingl\u00e9s de la historia. En 1157 Adriano llega a un acuerdo con el pueblo romano que le permite regresar a Roma. El papa durante una visita a la localidad de Agnani, se acerc\u00f3 a la fuente de la plaza del pueblo para beber agua, pero <strong>una mosca entr\u00f3 en su garganta<\/strong>, y al no poder extra\u00e9rla, el papa falleci\u00f3 de asfixia. Por m\u00e1s que lo intentaron, nada se pudo hacer y muri\u00f3 asfixiado de la forma m\u00e1s tonta.<\/p>\n<hr \/>\n<p><strong>3- Arqu\u00edmedes de Siracusa (287 a.C.\u2013212 a.C)<\/strong><\/p>\n<p><img decoding=\"async\" class=\"wp-image-1006 alignright\" src=\"https:\/\/www.historiayarqueologia.net\/wp-content\/uploads\/muerte-arquimedes.jpg\" alt=\"muerte-arquimedes\" width=\"151\" height=\"169\" srcset=\"https:\/\/www.historiayarqueologia.net\/wp-content\/uploads\/muerte-arquimedes.jpg 306w, https:\/\/www.historiayarqueologia.net\/wp-content\/uploads\/muerte-arquimedes-268x300.jpg 268w\" sizes=\"(max-width: 151px) 100vw, 151px\" \/>Fue un f\u00edsico, ingeniero, inventor, astr\u00f3nomo y matem\u00e1tico griego que es considerado uno de los cient\u00edficos m\u00e1s importantes de la Antig\u00fcedad cl\u00e1sica. Plutarco nos da hasta tres versiones diferentes. De acuerdo con su relato m\u00e1s popular, Arqu\u00edmedes estaba contemplando un diagrama matem\u00e1tico cuando la ciudad fue tomada. Un soldado romano le orden\u00f3 ir a encontrarse con el General, pero Arqu\u00edmedes hizo caso omiso a esto, diciendo que ten\u00eda que resolver antes el problema. El soldado, enfurecido ante la respuesta, <strong>mat\u00f3 a Arqu\u00edmedes con su espada<\/strong>. Sin embargo, Plutarco tambi\u00e9n brinda otros dos relatos menos conocidos de la muerte de Arqu\u00edmedes, el primero de los cuales sugiere que podr\u00eda haber sido asesinado mientras intentaba rendirse ante un soldado romano, y mientras le ped\u00eda m\u00e1s tiempo para poder resolver un problema en el que estaba trabajando. De acuerdo con la tercera historia, Arqu\u00edmedes portaba instrumentos matem\u00e1ticos, y fue asesinado porque el soldado pens\u00f3 que eran objetos valiosos. Tito Livio, por su parte, se limita a decir que Arqu\u00edmedes estaba inclinado sobre unos dibujos que hab\u00eda trazado en el suelo cuando un soldado que desconoc\u00eda qui\u00e9n era, le mat\u00f3. En cualquier caso, seg\u00fan todos los relatos, una de las muertes m\u00e1s absurdas de la historia.<\/p>\n<hr \/>\n<p><strong>4- Esquilo (525 a.C.-456 a.C)<\/strong><\/p>\n<p><img loading=\"lazy\" decoding=\"async\" class=\" wp-image-1007 alignleft\" src=\"https:\/\/www.historiayarqueologia.net\/wp-content\/uploads\/muerte-esquilo.jpg\" alt=\"muerte-esquilo\" width=\"81\" height=\"78\" srcset=\"https:\/\/www.historiayarqueologia.net\/wp-content\/uploads\/muerte-esquilo.jpg 340w, https:\/\/www.historiayarqueologia.net\/wp-content\/uploads\/muerte-esquilo-300x289.jpg 300w\" sizes=\"(max-width: 81px) 100vw, 81px\" \/>Fue un dramaturgo griego. Predecesor de S\u00f3focles y Eur\u00edpides, es considerado como el primer gran representante de la tragedia griega. Poco antes de su muerte, el or\u00e1culo le vaticin\u00f3 que morir\u00eda aplastado por una casa, por lo que decidi\u00f3 residir fuera de la ciudad. Curiosamente, falleci\u00f3 al ser golpeado por <strong>el caparaz\u00f3n de una tortuga<\/strong>, que fue soltado por un aguila desde el aire.<\/p>\n<hr \/>\n<p><strong>5- Papa Paulo II (1417-1471)<\/strong><\/p>\n<p><img loading=\"lazy\" decoding=\"async\" class=\"wp-image-1008 alignright\" src=\"https:\/\/www.historiayarqueologia.net\/wp-content\/uploads\/muerte-paulo-ii.jpg\" alt=\"muerte-paulo-ii\" width=\"98\" height=\"132\" srcset=\"https:\/\/www.historiayarqueologia.net\/wp-content\/uploads\/muerte-paulo-ii.jpg 245w, https:\/\/www.historiayarqueologia.net\/wp-content\/uploads\/muerte-paulo-ii-223x300.jpg 223w\" sizes=\"(max-width: 98px) 100vw, 98px\" \/>Papa n\u00ba 211 de la Iglesia cat\u00f3lica desde 1464 hasta 1471. Oficialmente la muerte se debi\u00f3 a una indigesti\u00f3n con mel\u00f3n o un atoro con otra fruta. Sin embargo, la leyenda extendida dice que<strong> muri\u00f3 de un infarto en su cama mientras era sodomizado por un paje<\/strong>, pues corr\u00edan rumores acerca de su homosexualidad; si bien, esta y otras leyendas pueden haber sido alimentadas por la enemistad que manten\u00eda con los funcionarios vaticanos, decepcionados por sus t\u00edmidas reformas en la administraci\u00f3n.<\/p>\n<hr \/>\n<p><strong>6- Li Bai (701-762)<\/strong><\/p>\n<p><img loading=\"lazy\" decoding=\"async\" class=\" wp-image-1009 alignleft\" src=\"https:\/\/www.historiayarqueologia.net\/wp-content\/uploads\/muerte-li-bai.jpeg\" alt=\"muerte-li-bai\" width=\"67\" height=\"98\" \/>Poeta chino considerado el mayor poeta rom\u00e1ntico de la dinast\u00eda Tang fue conocido como <em>el poeta inmortal,<\/em> se encuentra entre los m\u00e1s respetados poetas de la historia de la literatura china. Aproximadamente mil poemas suyos subsisten en la actualidad. Se dice que se <strong>muri\u00f3 ahogado en el r\u00edo Yangzi, habiendo ca\u00eddo de su bote al intentar abrazar el reflejo de la luna<\/strong>, estando bajo los efectos del alcohol.<\/p>\n<hr \/>\n<p><strong>7- Enrique I de Castilla (1204-1217)<\/strong><\/p>\n<p><img loading=\"lazy\" decoding=\"async\" class=\"wp-image-1010 alignright\" src=\"https:\/\/www.historiayarqueologia.net\/wp-content\/uploads\/muerte-enrique-i-castilla.jpeg\" alt=\"muerte-enrique-i-castilla\" width=\"124\" height=\"99\" \/>Hijo de Alfonso VIII y de la reina Leonor de Plantagenet. Falleci\u00f3 en la ciudad de Palencia a los trece a\u00f1os de edad de modo accidental como <strong>consecuencia de una herida<\/strong> recibida en el Palacio episcopal mientras jugaba con otros ni\u00f1os. Los <em>Anales Toledanos Primeros<\/em> refieren del siguiente modo: <em>El rey don Enric trevellaba con sus mozos e firiolo un mozo con una piedra en la cabeza non por su grado e muri\u00f3 ende VI d\u00edas de junio en d\u00eda de martes era MCCLV<\/em><\/p>\n<hr \/>\n<p><strong>8- Felipe I de Castilla, \u00abEl Hermoso\u00bb (1478 &#8211; 1506)<\/strong><\/p>\n<p><strong><img loading=\"lazy\" decoding=\"async\" class=\" wp-image-1011 alignleft\" src=\"https:\/\/www.historiayarqueologia.net\/wp-content\/uploads\/muerte-felipe-i-castilla.jpg\" alt=\"muerte-felipe-i-castilla\" width=\"96\" height=\"121\" \/><\/strong>Su muerte, acaeci\u00f3 en la burgalesa Casa del Cord\u00f3n. Seg\u00fan parece, se encontraba Felipe en Burgos jugando a la pelota cuando, tras el juego, sudando todav\u00eda, <strong>bebi\u00f3 abundante agua fr\u00eda<\/strong>, por lo cual cay\u00f3 enfermo con alta fiebre y muri\u00f3 unos d\u00edas despu\u00e9s.<\/p>\n<p>&nbsp;<\/p>\n<p>&nbsp;<\/p>\n<hr \/>\n<p><strong>9- Adolfo Federico de Suecia (1710 &#8211; 1771)<br \/>\n<\/strong><br \/>\n<img loading=\"lazy\" decoding=\"async\" class=\"wp-image-1014 alignright\" src=\"https:\/\/www.historiayarqueologia.net\/wp-content\/uploads\/muerte-adolfo-federico-suecia.jpeg\" alt=\"muerte-adolfo-federico-suecia\" width=\"94\" height=\"123\" srcset=\"https:\/\/www.historiayarqueologia.net\/wp-content\/uploads\/muerte-adolfo-federico-suecia.jpeg 535w, https:\/\/www.historiayarqueologia.net\/wp-content\/uploads\/muerte-adolfo-federico-suecia-229x300.jpeg 229w\" sizes=\"(max-width: 94px) 100vw, 94px\" \/>Rey de Suecia a partir de 1751. Adolfo Federico muri\u00f3 en Estocolmo el 12 de febrero de 1771 <strong>de problemas digestivos despu\u00e9s de haber terminado una op\u00edpara cena<\/strong> de marisco, caviar, chucrut, sopa de repollo, ciervo ahumado, mucho champ\u00e1n y catorce platos de su postre preferido.<\/p>\n<p>&nbsp;<\/p>\n<p>&nbsp;<\/p>\n<hr \/>\n<p><strong>10- Alejandro I de Grecia (1893 &#8211; 1920)<\/strong><\/p>\n<p><img loading=\"lazy\" decoding=\"async\" class=\"wp-image-1015 alignleft\" src=\"https:\/\/www.historiayarqueologia.net\/wp-content\/uploads\/muerte-alejandro-i-grecia-230x300.jpg\" alt=\"muerte-alejandro-i-grecia\" width=\"151\" height=\"197\" srcset=\"https:\/\/www.historiayarqueologia.net\/wp-content\/uploads\/muerte-alejandro-i-grecia-230x300.jpg 230w, https:\/\/www.historiayarqueologia.net\/wp-content\/uploads\/muerte-alejandro-i-grecia.jpg 704w\" sizes=\"(max-width: 151px) 100vw, 151px\" \/>Fue el tercer Rey de los Helenos desde 1917 hasta su muerte. El 2 de octubre de 1920, se produjo un incidente mientras Alejandro I paseaba por sus dominios de Tatoi. Un mono dom\u00e9stico, que pertenec\u00eda al administrador de los vi\u00f1edos del palacio atac\u00f3 al pastor alem\u00e1n del soberano y este, al intentar separar a los dos animales,<strong> fue mordido en la pierna y en el est\u00f3mago por otro primate<\/strong>. Los criados acudieron y cazaron a los monos. La herida del soberano fue limpiada enseguida y vendada, pero no cauterizada. El soberano no prest\u00f3 ninguna atenci\u00f3n a lo que acababa de suceder e incluso pidi\u00f3 que la noticia no fuera comunicada. Alejandro empez\u00f3 a sufrir una fuerte fiebre, su herida se infect\u00f3 y enferm\u00f3 r\u00e1pidamente de sepsis. El joven monarca sufri\u00f3 atrozmente debido a la infecci\u00f3n y sus crisis de dolor, mueri\u00f3 pasados apenas unso d\u00edas<\/p>\n<p>&nbsp;<\/p>\n","protected":false},"excerpt":{"rendered":"<p>1- Fran\u00e7ois Vatel (1631\u20131671) Cocinero y maitre franc\u00e9s de origen suizo, famoso por haber inventado la crema chantill\u00ed en el castillo del mismo nombre (Chantilly), donde serv\u00eda a Luis II, Pr\u00edncipe de Borb\u00f3n-Cond\u00e9. El destino de la Casa de Cond\u00e9 depend\u00eda en gran parte del \u00e9xito que alcanzaran los festejos, por lo que toda la [&hellip;]<\/p>\n","protected":false},"author":1,"featured_media":1019,"comment_status":"open","ping_status":"closed","sticky":false,"template":"","format":"standard","meta":{"_jetpack_memberships_contains_paid_content":false,"footnotes":"","jetpack_publicize_message":"","jetpack_publicize_feature_enabled":true,"jetpack_social_post_already_shared":true,"jetpack_social_options":{"image_generator_settings":{"template":"highway","default_image_id":0,"font":"","enabled":false},"version":2}},"categories":[5],"tags":[],"class_list":["post-1003","post","type-post","status-publish","format-standard","has-post-thumbnail","hentry","category-curiosidades-historicas"],"jetpack_publicize_connections":[],"jetpack_featured_media_url":"https:\/\/www.historiayarqueologia.net\/wp-content\/uploads\/muertes-absurdas-historia.jpg","jetpack_sharing_enabled":true,"_links":{"self":[{"href":"https:\/\/www.historiayarqueologia.net\/index.php?rest_route=\/wp\/v2\/posts\/1003","targetHints":{"allow":["GET"]}}],"collection":[{"href":"https:\/\/www.historiayarqueologia.net\/index.php?rest_route=\/wp\/v2\/posts"}],"about":[{"href":"https:\/\/www.historiayarqueologia.net\/index.php?rest_route=\/wp\/v2\/types\/post"}],"author":[{"embeddable":true,"href":"https:\/\/www.historiayarqueologia.net\/index.php?rest_route=\/wp\/v2\/users\/1"}],"replies":[{"embeddable":true,"href":"https:\/\/www.historiayarqueologia.net\/index.php?rest_route=%2Fwp%2Fv2%2Fcomments&post=1003"}],"version-history":[{"count":6,"href":"https:\/\/www.historiayarqueologia.net\/index.php?rest_route=\/wp\/v2\/posts\/1003\/revisions"}],"predecessor-version":[{"id":1021,"href":"https:\/\/www.historiayarqueologia.net\/index.php?rest_route=\/wp\/v2\/posts\/1003\/revisions\/1021"}],"wp:featuredmedia":[{"embeddable":true,"href":"https:\/\/www.historiayarqueologia.net\/index.php?rest_route=\/wp\/v2\/media\/1019"}],"wp:attachment":[{"href":"https:\/\/www.historiayarqueologia.net\/index.php?rest_route=%2Fwp%2Fv2%2Fmedia&parent=1003"}],"wp:term":[{"taxonomy":"category","embeddable":true,"href":"https:\/\/www.historiayarqueologia.net\/index.php?rest_route=%2Fwp%2Fv2%2Fcategories&post=1003"},{"taxonomy":"post_tag","embeddable":true,"href":"https:\/\/www.historiayarqueologia.net\/index.php?rest_route=%2Fwp%2Fv2%2Ftags&post=1003"}],"curies":[{"name":"wp","href":"https:\/\/api.w.org\/{rel}","templated":true}]}}